{"id":3270,"date":"2024-10-29T08:00:00","date_gmt":"2024-10-29T13:00:00","guid":{"rendered":"https:\/\/countyhousing.org\/conexion-residente-3\/"},"modified":"2025-05-07T15:16:26","modified_gmt":"2025-05-07T20:16:26","slug":"conexion-residente-3","status":"publish","type":"post","link":"https:\/\/countyhousing.org\/es\/conexion-residente-3\/","title":{"rendered":"Conexi\u00f3n residente"},"content":{"rendered":"\n<h2 class=\"wp-block-heading has-x-large-font-size\">Bolet\u00edn para residentes en viviendas p\u00fablicas de octubre de 2024<\/h2>\n\n<h3 class=\"wp-block-heading has-medium-green-color has-text-color has-link-color wp-elements-fca1a97d97d400825d59a021fcd8f02d\" style=\"font-size:26px\">\u00cdndice de contenidos:<\/h3>\n\n<ul class=\"wp-block-list\">\n<li><a href=\"#CEOmessage\">Mensaje del Director General<\/a> &#8211; <em>Escuchar y liderar<\/em><\/li>\n\n\n\n<li><a href=\"#featureStory\">Reportaje<\/a> &#8211; <em>Revitalizar nuestra comunidad: La transformaci\u00f3n de Wellington Family Homes<\/em><\/li>\n\n\n\n<li><a href=\"#safeandsound\">Sano y salvo<\/a><\/li>\n\n\n\n<li><a href=\"http:\/\/communityConnect\">Conexi\u00f3n comunitaria<\/a><a href=\"#communityConnect\">ect<\/a><\/li>\n\n\n\n<li><a href=\"#maintenanceMatters\">Cuestiones de mantenimiento<\/a><\/li>\n\n\n\n<li><a href=\"#fairHousingFact\">Datos sobre vivienda justa<\/a><\/li>\n\n\n\n<li><p><a href=\"#updatesAndAnnouncements\">Actualizaciones y Anuncios<\/a> &#8211; <em>ACOP actualizado disponible el 18 de octubre y Reuni\u00f3n del Consejo Asesor de Residentes el 23 de octubre.<\/em><\/p><\/li>\n<\/ul>\n\n<div style=\"height:20px\" aria-hidden=\"true\" class=\"wp-block-spacer\"><\/div>\n\n<hr class=\"wp-block-separator has-text-color has-body-copy-color has-alpha-channel-opacity has-body-copy-background-color has-background\"\/>\n\n<div style=\"height:20px\" aria-hidden=\"true\" class=\"wp-block-spacer\"><\/div>\n\n<h3 class=\"wp-block-heading has-body-copy-color has-text-color has-link-color wp-elements-d39e165099652661c285a9d2af542c87\" id=\"CEOmessage\" style=\"font-size:26px\">Mensaje del Director General<\/h3>\n\n<h3 class=\"wp-block-heading has-pink-color has-text-color has-link-color wp-elements-9d184d4aaeffcfe4dd75a7a231b91a50\"><em>Escuchar y liderar<\/em><\/h3>\n\n<p>Estimados residentes,<\/p>\n\n<p>Me complace darte la bienvenida a la primera edici\u00f3n de nuestro bolet\u00edn para residentes en Viviendas del Condado. Mientras continuamos con nuestra misi\u00f3n de proporcionar viviendas seguras y asequibles a las familias de todo el condado de San Luis, es importante para m\u00ed que creemos l\u00edneas abiertas de comunicaci\u00f3n y te mantengamos informado sobre el trabajo que estamos haciendo para apoyar a nuestras comunidades. <\/p>\n\n<p>En los \u00faltimos meses, hemos estado trabajando en algunas novedades interesantes que os beneficiar\u00e1n directamente a vosotros, nuestros valiosos residentes. Desde nuevas iniciativas de seguridad dise\u00f1adas para mejorar tu experiencia vital hasta pr\u00f3ximos actos comunitarios que nos unir\u00e1n a todos, hay mucho que esperar. <\/p>\n\n<p>Uno de los principales objetivos de nuestro equipo es garantizar que vuestras casas no sean s\u00f3lo lugares donde vivir, sino entornos pr\u00f3speros donde os sint\u00e1is apoyados y conectados. Este bolet\u00edn es una de las formas que tenemos de fomentar esa conexi\u00f3n, proporcion\u00e1ndote las \u00faltimas actualizaciones, recursos \u00fatiles e historias de tus compa\u00f1eros residentes. <\/p>\n\n<p>En este n\u00famero encontrar\u00e1s informaci\u00f3n importante sobre la seguridad en tus casas, pr\u00f3ximos consejos de mantenimiento y actualizaciones sobre proyectos e iniciativas actuales. Tambi\u00e9n queremos conocer tu opini\u00f3n: tus comentarios y sugerencias son muy valiosos para satisfacer tus necesidades y mejorar nuestros servicios. No dudes en ponerte en contacto con nosotros si tienes alguna pregunta o inquietud; estamos aqu\u00ed para ayudarte.  <\/p>\n\n<p>A medida que avanzamos, quiero subrayar que t\u00fa est\u00e1s en el centro de todo lo que hacemos en Viviendas del Condado. Vuestro bienestar es nuestra m\u00e1xima prioridad, y nos comprometemos a trabajar sin descanso para crear comunidades seguras, acogedoras y vibrantes para vosotros y vuestras familias. <\/p>\n\n<p>Gracias por formar parte de Viviendas del Condado. Juntos, estamos construyendo un futuro mejor para todos. <\/p>\n\n<p>Un cordial saludo,<\/p>\n\n<p>Shannon Koenig<br\/>Directora General, Viviendas del Condado<\/p>\n\n<div style=\"height:36px\" aria-hidden=\"true\" class=\"wp-block-spacer\"><\/div>\n\n<hr class=\"wp-block-separator has-text-color has-body-copy-color has-alpha-channel-opacity has-body-copy-background-color has-background\"\/>\n\n<div style=\"height:20px\" aria-hidden=\"true\" class=\"wp-block-spacer\"><\/div>\n\n<h3 class=\"wp-block-heading has-body-copy-color has-text-color has-link-color wp-elements-b604549eede030e0587aceaf27f9a4b5\" id=\"featureStory\" style=\"font-size:26px\">Reportaje<\/h3>\n\n<h3 class=\"wp-block-heading has-teal-color has-text-color has-link-color wp-elements-94545bc9c53312e1a85aa7aa4230faa4\"><em>Revitalizando Nuestra Comunidad: La transformaci\u00f3n de las Casas Familiares Wellington<\/em><\/h3>\n\n<p>Viviendas del Condado se enorgullece de compartir el extraordinario viaje de la urbanizaci\u00f3n Wellington Family Homes en Wellston, un proyecto que personifica nuestra misi\u00f3n de proporcionar viviendas seguras y asequibles, fortaleciendo al mismo tiempo las comunidades a las que servimos. Lo que antes parec\u00eda un reto de enormes proporciones se ha convertido en un faro de esperanza y renovaci\u00f3n para cientos de familias. <\/p>\n\n<figure class=\"wp-block-gallery has-nested-images columns-2 is-cropped wp-block-gallery-1 is-layout-flex wp-block-gallery-is-layout-flex\">\n<figure class=\"wp-block-image size-large\"><img fetchpriority=\"high\" decoding=\"async\" width=\"1024\" height=\"608\" data-id=\"2342\" src=\"https:\/\/countyhousing.org\/wp-content\/uploads\/2024\/07\/tour_dignitaries-at-townhomes-1024x608.jpg\" alt=\"\" class=\"wp-image-2342\" srcset=\"https:\/\/countyhousing.org\/wp-content\/uploads\/2024\/07\/tour_dignitaries-at-townhomes-1024x608.jpg 1024w, https:\/\/countyhousing.org\/wp-content\/uploads\/2024\/07\/tour_dignitaries-at-townhomes-300x178.jpg 300w, https:\/\/countyhousing.org\/wp-content\/uploads\/2024\/07\/tour_dignitaries-at-townhomes-768x456.jpg 768w, https:\/\/countyhousing.org\/wp-content\/uploads\/2024\/07\/tour_dignitaries-at-townhomes.jpg 1200w\" sizes=\"(max-width: 1024px) 100vw, 1024px\" \/><\/figure>\n\n\n\n<figure class=\"wp-block-image size-large\"><img decoding=\"async\" width=\"1024\" height=\"683\" data-id=\"2382\" data-src=\"https:\/\/countyhousing.org\/wp-content\/uploads\/2024\/07\/interior-4-1024x683.jpg\" alt=\"\" class=\"wp-image-2382 lazyload\" data-srcset=\"https:\/\/countyhousing.org\/wp-content\/uploads\/2024\/07\/interior-4-1024x683.jpg 1024w, https:\/\/countyhousing.org\/wp-content\/uploads\/2024\/07\/interior-4-300x200.jpg 300w, https:\/\/countyhousing.org\/wp-content\/uploads\/2024\/07\/interior-4-768x512.jpg 768w, https:\/\/countyhousing.org\/wp-content\/uploads\/2024\/07\/interior-4.jpg 1200w\" data-sizes=\"(max-width: 1024px) 100vw, 1024px\" src=\"data:image\/svg+xml;base64,PHN2ZyB3aWR0aD0iMSIgaGVpZ2h0PSIxIiB4bWxucz0iaHR0cDovL3d3dy53My5vcmcvMjAwMC9zdmciPjwvc3ZnPg==\" style=\"--smush-placeholder-width: 1024px; --smush-placeholder-aspect-ratio: 1024\/683;\" \/><\/figure>\n\n\n\n<figure class=\"wp-block-image size-large\"><img decoding=\"async\" width=\"1024\" height=\"577\" data-id=\"2379\" data-src=\"https:\/\/countyhousing.org\/wp-content\/uploads\/2024\/07\/interior-3-1024x577.jpg\" alt=\"\" class=\"wp-image-2379 lazyload\" data-srcset=\"https:\/\/countyhousing.org\/wp-content\/uploads\/2024\/07\/interior-3-1024x577.jpg 1024w, https:\/\/countyhousing.org\/wp-content\/uploads\/2024\/07\/interior-3-300x169.jpg 300w, https:\/\/countyhousing.org\/wp-content\/uploads\/2024\/07\/interior-3-768x433.jpg 768w, https:\/\/countyhousing.org\/wp-content\/uploads\/2024\/07\/interior-3.jpg 1200w\" data-sizes=\"(max-width: 1024px) 100vw, 1024px\" src=\"data:image\/svg+xml;base64,PHN2ZyB3aWR0aD0iMSIgaGVpZ2h0PSIxIiB4bWxucz0iaHR0cDovL3d3dy53My5vcmcvMjAwMC9zdmciPjwvc3ZnPg==\" style=\"--smush-placeholder-width: 1024px; --smush-placeholder-aspect-ratio: 1024\/577;\" \/><\/figure>\n\n\n\n<figure class=\"wp-block-image size-large\"><img decoding=\"async\" width=\"1024\" height=\"579\" data-id=\"2348\" data-src=\"https:\/\/countyhousing.org\/wp-content\/uploads\/2024\/07\/tour_accssible-home-1024x579.jpg\" alt=\"\" class=\"wp-image-2348 lazyload\" data-srcset=\"https:\/\/countyhousing.org\/wp-content\/uploads\/2024\/07\/tour_accssible-home-1024x579.jpg 1024w, https:\/\/countyhousing.org\/wp-content\/uploads\/2024\/07\/tour_accssible-home-300x170.jpg 300w, https:\/\/countyhousing.org\/wp-content\/uploads\/2024\/07\/tour_accssible-home-768x434.jpg 768w, https:\/\/countyhousing.org\/wp-content\/uploads\/2024\/07\/tour_accssible-home.jpg 1200w\" data-sizes=\"(max-width: 1024px) 100vw, 1024px\" src=\"data:image\/svg+xml;base64,PHN2ZyB3aWR0aD0iMSIgaGVpZ2h0PSIxIiB4bWxucz0iaHR0cDovL3d3dy53My5vcmcvMjAwMC9zdmciPjwvc3ZnPg==\" style=\"--smush-placeholder-width: 1024px; --smush-placeholder-aspect-ratio: 1024\/579;\" \/><\/figure>\n<\/figure>\n\n<h4 class=\"wp-block-heading\"><strong>Una comunidad unida<\/strong><\/h4>\n\n<p>El proyecto Wellington Family Homes comenz\u00f3 como respuesta a la acuciante necesidad de viviendas asequibles en Wellston. Con el tiempo, muchas viviendas se hab\u00edan deteriorado y el futuro del barrio parec\u00eda incierto. Pero el esp\u00edritu de la comunidad segu\u00eda intacto. Los residentes, los l\u00edderes locales y Viviendas del Condado unieron sus fuerzas, decididos a preservar la integridad de su barrio y proporcionar viviendas de calidad a las familias que llaman hogar a Wellston.   <\/p>\n\n<h4 class=\"wp-block-heading\"><strong>El viaje hacia la renovaci\u00f3n<\/strong><\/h4>\n\n<p>Este ambicioso proyecto de 44 millones de d\u00f3lares no estuvo exento de dificultades. Con casi 200 viviendas programadas para su renovaci\u00f3n, el trabajo requiri\u00f3 una amplia planificaci\u00f3n, colaboraci\u00f3n y el compromiso de superar los obst\u00e1culos. Nuestro equipo trabaj\u00f3 incansablemente para garantizar que las viviendas renovadas cumplieran las normas m\u00e1s estrictas de seguridad y comodidad, preservando al mismo tiempo el car\u00e1cter \u00fanico de la comunidad de Wellston.  <\/p>\n\n<p>Hoy estamos encantados de informar de que las primeras familias han empezado a mudarse a sus casas reci\u00e9n renovadas. Las viviendas se han actualizado con comodidades modernas, sistemas energ\u00e9ticamente eficientes y elementos de seguridad, todo ello dise\u00f1ado para garantizar la sostenibilidad a largo plazo. <\/p>\n\n<h4 class=\"wp-block-heading\"><strong>De cara al futuro<\/strong><\/h4>\n\n<p>La finalizaci\u00f3n del proyecto Wellington Family Homes es un testimonio de lo que se puede conseguir cuando una comunidad se une con una visi\u00f3n compartida. Tambi\u00e9n es un poderoso recordatorio del compromiso permanente de Viviendas del Condado con la creaci\u00f3n y el mantenimiento de viviendas asequibles en St. De cara al futuro, seguimos dedicados a apoyar a los residentes de Wellston y de otras comunidades de la regi\u00f3n.  <\/p>\n\n<p>Este proyecto es s\u00f3lo un ejemplo del impacto positivo que nos esforzamos por conseguir cada d\u00eda. Mediante asociaciones, innovaci\u00f3n y un profundo compromiso con nuestra misi\u00f3n, Viviendas del Condado seguir\u00e1 construyendo un futuro m\u00e1s brillante y equitativo para todos los residentes de San Luis. <\/p>\n\n<h4 class=\"wp-block-heading\"><strong>\u00a1\u00danete a la lista de espera de Wellington Family Homes!<\/strong><\/h4>\n\n<p>Nos complace anunciar que hay plazas disponibles en nuestra lista de espera para las Casas Familiares Wellington. Si t\u00fa o alguien que conoces busc\u00e1is una vivienda segura y asequible en una comunidad solidaria, te invitamos a dar el primer paso uni\u00e9ndote a nuestra lista de espera. <\/p>\n\n<p>Para inscribirte en la lista de espera y obtener m\u00e1s informaci\u00f3n sobre nuestras opciones de alojamiento, visita <a href=\"https:\/\/www.wellingtonfamilyhomes.com\/\" target=\"_blank\" rel=\"noreferrer noopener\">https:\/\/www.wellingtonfamilyhomes.com\/.<\/a><\/p>\n\n<div style=\"height:36px\" aria-hidden=\"true\" class=\"wp-block-spacer\"><\/div>\n\n<hr class=\"wp-block-separator has-text-color has-body-copy-color has-alpha-channel-opacity has-body-copy-background-color has-background\"\/>\n\n<div style=\"height:20px\" aria-hidden=\"true\" class=\"wp-block-spacer\"><\/div>\n\n<h3 class=\"wp-block-heading has-body-copy-color has-text-color has-link-color wp-elements-9720124a2348df2d128cae52f7252446\" id=\"safeandsound\" style=\"font-size:26px\">Sano y salvo<\/h3>\n\n<h3 class=\"wp-block-heading has-medium-dark-blue-color has-text-color has-link-color wp-elements-8e568177dceaacf2b976903b4f1633f7\"><em>Mejorar la seguridad de los residentes en las viviendas del condado<\/em><\/h3>\n\n<p>En Viviendas del Condado, nuestra m\u00e1xima prioridad es garantizar la seguridad y el bienestar de nuestros residentes. Nos comprometemos a crear entornos de vida seguros y a dotar a nuestra comunidad de las herramientas y los conocimientos necesarios para mantenerse a salvo. <\/p>\n\n<h3 class=\"wp-block-heading has-medium-green-color has-text-color has-link-color has-large-font-size wp-elements-2f31b41dde736b3bca99384b51196991\">\u00a1Octubre es el Mes de la Prevenci\u00f3n de Incendios!<\/h3>\n\n<p>Asegurar que tu casa est\u00e1 preparada para emergencias es crucial. Animamos a todos los residentes a que se aseguren de que su casa es segura. Comprueba que los detectores de humo funcionan, ten planes de evacuaci\u00f3n en caso de incendio y un extintor a mano. Mantener tu casa segura significa ser proactivo y estar informado.   <\/p>\n\n<h4 class=\"wp-block-heading has-pink-color has-text-color has-link-color wp-elements-efa5e1bee97e47474eef5fc6a7d890df\"><strong>Aqu\u00ed tienes algunos consejos de seguridad contra incendios:<\/strong><\/h4>\n\n<ul class=\"wp-block-list\">\n<li>Mant\u00e9n los materiales inflamables alejados de fuentes de calor y llamas abiertas.<\/li>\n\n\n\n<li>No sobrecargues las tomas de corriente ni los alargadores, e inspecciona y mant\u00e9n regularmente los sistemas el\u00e9ctricos y los aparatos.<\/li>\n\n\n\n<li>Ten un extintor que funcione en cada planta de tu casa, especialmente en la cocina, y mantenlo a mano.<\/li>\n\n\n\n<li>Prueba los detectores de incendios y de mon\u00f3xido de carbono.<\/li>\n\n\n\n<li>Elimina el desorden, que puede convertirse en una fuente de combustible en un incendio y restringir el acceso a los equipos de emergencia y a las v\u00edas de salida.<\/li>\n<\/ul>\n\n<p>Los incendios en cocinas residenciales son una de las principales causas de incendios dom\u00e9sticos y prevenirlos es una prioridad para todos nosotros. Para apoyar este esfuerzo, hemos destacado tres consejos clave de seguridad que son esenciales para prevenir los incendios en la cocina: <\/p>\n\n<h4 class=\"wp-block-heading has-teal-color has-text-color has-link-color wp-elements-047a69cd819f942cfd49f8f83ae75e08\"><strong>Los 3 mejores consejos de seguridad para cocinar en casa<\/strong><\/h4>\n\n<ol class=\"wp-block-list\">\n<li><strong>Qu\u00e9date en la cocina:<\/strong> Es importante que nunca dejes desatendida la cocci\u00f3n de los alimentos. Si necesitas alejarte, aunque sea por poco tiempo, aseg\u00farate de apagar los fogones para evitar accidentes. <\/li>\n\n\n\n<li><strong>Mant\u00e9n alejados los objetos inflamables:<\/strong> Aseg\u00farate de que las toallas, agarraderas y otros objetos inflamables se mantienen bien alejados de la cocina y otras fuentes de calor para evitar el riesgo de incendio.<\/li>\n\n\n\n<li><strong>Utiliza un temporizador:<\/strong> Utiliza siempre un temporizador para recordarte que est\u00e1s cocinando, sobre todo cuando hiervas a fuego lento, hornees o ases. Es una forma f\u00e1cil de estar atento y evitar que se produzcan incendios. <\/li>\n<\/ol>\n\n<h3 class=\"wp-block-heading has-medium-dark-blue-color has-text-color has-link-color has-large-font-size wp-elements-9931d7a822b1c27de798ac4d8fe424ae\">Informes y asistencia<\/h3>\n\n<p>Tu seguridad es nuestra preocupaci\u00f3n. Si observas algo inusual o tienes preguntas relacionadas con la seguridad, no dudes en ponerte en contacto con nosotros. Nuestro equipo est\u00e1 aqu\u00ed para apoyarte y resolver cualquier duda que puedas tener. Recuerda que la seguridad es una responsabilidad compartida y que juntos podemos garantizar que nuestra comunidad siga siendo un lugar seguro para vivir.   <\/p>\n\n<p>Gracias por formar parte activa de nuestra comunidad y por ayudarnos a mantener las Viviendas del Condado como un entorno seguro y acogedor para todos.<\/p>\n\n<p>\u00a1Mantente sano y salvo!<\/p>\n\n<div style=\"height:36px\" aria-hidden=\"true\" class=\"wp-block-spacer\"><\/div>\n\n<hr class=\"wp-block-separator has-text-color has-body-copy-color has-alpha-channel-opacity has-body-copy-background-color has-background\"\/>\n\n<div style=\"height:20px\" aria-hidden=\"true\" class=\"wp-block-spacer\"><\/div>\n\n<h2 class=\"wp-block-heading has-body-copy-color has-text-color has-link-color wp-elements-7766af01fd86afddf508b899e1fb7240\" id=\"communityConnect\" style=\"font-size:26px\">Conectar con la Comunidad<\/h2>\n\n<h3 class=\"wp-block-heading has-medium-green-color has-text-color has-link-color wp-elements-8355fe6166b4a6107d990ed69a1b3fc1\"><em>Apoyar juntos a nuestra comunidad.<\/em><\/h3>\n\n<p>Bienvenido a \u00abConexi\u00f3n con la Comunidad\u00bb, una secci\u00f3n dedicada a apoyar juntos a nuestra comunidad de viviendas del Condado. Aqu\u00ed encontrar\u00e1s recursos, actos e iniciativas dise\u00f1ados para fortalecer nuestros barrios, fomentar las conexiones y proporcionarte las herramientas y la informaci\u00f3n que necesitas. Juntos, podemos seguir construyendo una comunidad pr\u00f3spera en la que todos tengan la oportunidad de triunfar.  <\/p>\n\n<div style=\"height:30px\" aria-hidden=\"true\" class=\"wp-block-spacer\"><\/div>\n\n<figure class=\"wp-block-image size-large is-resized\"><img decoding=\"async\" width=\"1024\" height=\"584\" data-src=\"https:\/\/countyhousing.org\/wp-content\/uploads\/2024\/10\/Heat-Up-STL-Logo-1-1024x584.png\" alt=\"Calienta San Luis\" class=\"wp-image-2737 lazyload\" style=\"--smush-placeholder-width: 1024px; --smush-placeholder-aspect-ratio: 1024\/584;width:200px\" data-srcset=\"https:\/\/countyhousing.org\/wp-content\/uploads\/2024\/10\/Heat-Up-STL-Logo-1-1024x584.png 1024w, https:\/\/countyhousing.org\/wp-content\/uploads\/2024\/10\/Heat-Up-STL-Logo-1-300x171.png 300w, https:\/\/countyhousing.org\/wp-content\/uploads\/2024\/10\/Heat-Up-STL-Logo-1-768x438.png 768w, https:\/\/countyhousing.org\/wp-content\/uploads\/2024\/10\/Heat-Up-STL-Logo-1-1536x877.png 1536w, https:\/\/countyhousing.org\/wp-content\/uploads\/2024\/10\/Heat-Up-STL-Logo-1.png 2048w\" data-sizes=\"(max-width: 1024px) 100vw, 1024px\" src=\"data:image\/svg+xml;base64,PHN2ZyB3aWR0aD0iMSIgaGVpZ2h0PSIxIiB4bWxucz0iaHR0cDovL3d3dy53My5vcmcvMjAwMC9zdmciPjwvc3ZnPg==\" \/><\/figure>\n\n<h3 class=\"wp-block-heading has-body-copy-color has-text-color has-link-color wp-elements-e9d3b3605285a04260d0d58e14fb493b\" style=\"font-size:26px\">\u00bfNecesitas ayuda con las facturas de los servicios p\u00fablicos?<\/h3>\n\n<p>Si t\u00fa o alguien que conoces es una persona mayor, un adulto con discapacidad f\u00edsica o una persona o familia con ingresos bajos o moderados que necesita ayuda para pagar los servicios p\u00fablicos, hay ayuda disponible. <a href=\"https:\/\/HeatUpStLouis.org\" target=\"_blank\" rel=\"noreferrer noopener\">HeatUpStLouis.org<\/a> ofrece apoyo a quienes se enfrentan a dificultades econ\u00f3micas o m\u00e9dicas.<\/p>\n\n<p><strong>No necesitas un aviso de desconexi\u00f3n.<em> <\/em><\/strong>Pero debes seguir las instrucciones y presentar una prueba de ingresos. Tambi\u00e9n puedes seguir consultando su sitio web para conocer nuestra ubicaci\u00f3n m\u00e1s reciente para quienes no sepan utilizar el m\u00f3vil, la tableta, el port\u00e1til o el ordenador de sobremesa. <\/p>\n\n<p>Para solicitar asistencia, visita <a href=\"https:\/\/HeatUpStLouis.org\" target=\"_blank\" rel=\"noreferrer noopener\">HeatUpStLouis.org<\/a> y selecciona la opci\u00f3n \u00abSolicitud de servicios p\u00fablicos\u00bb. Tus datos ser\u00e1n confidenciales y s\u00f3lo se utilizar\u00e1n para la asistencia energ\u00e9tica. El equipo de servicios p\u00fablicos de HUSTL tratar\u00e1 de tramitar tu solicitud lo antes posible. \u00a1No dudes en solicitar la ayuda que necesitas!   <\/p>\n\n<div style=\"height:30px\" aria-hidden=\"true\" class=\"wp-block-spacer\"><\/div>\n\n<figure class=\"wp-block-image size-large is-resized\"><a href=\"http:\/\/stlfoodbank.org\/find-food\" target=\"_blank\" rel=\"noreferrer noopener\"><img decoding=\"async\" width=\"1024\" height=\"492\" data-src=\"https:\/\/countyhousing.org\/wp-content\/uploads\/2024\/10\/Foodbank-logo-1024x492.jpg\" alt=\"Banco de Alimentos del &#xC1;rea de San Luis\" class=\"wp-image-2743 lazyload\" style=\"--smush-placeholder-width: 1024px; --smush-placeholder-aspect-ratio: 1024\/492;width:200px\" data-srcset=\"https:\/\/countyhousing.org\/wp-content\/uploads\/2024\/10\/Foodbank-logo-1024x492.jpg 1024w, https:\/\/countyhousing.org\/wp-content\/uploads\/2024\/10\/Foodbank-logo-300x144.jpg 300w, https:\/\/countyhousing.org\/wp-content\/uploads\/2024\/10\/Foodbank-logo-768x369.jpg 768w, https:\/\/countyhousing.org\/wp-content\/uploads\/2024\/10\/Foodbank-logo.jpg 1527w\" data-sizes=\"(max-width: 1024px) 100vw, 1024px\" src=\"data:image\/svg+xml;base64,PHN2ZyB3aWR0aD0iMSIgaGVpZ2h0PSIxIiB4bWxucz0iaHR0cDovL3d3dy53My5vcmcvMjAwMC9zdmciPjwvc3ZnPg==\" \/><\/a><\/figure>\n\n<h3 class=\"wp-block-heading has-body-copy-color has-text-color has-link-color wp-elements-f3242013ccd686583ef2520c52a561dd\" style=\"font-size:26px\">Encuentra la ayuda que necesitas<\/h3>\n\n<p>Si t\u00fa o alguien que conoces necesit\u00e1is ayuda alimentaria, el Banco de Alimentos del \u00c1rea de San Luis ofrece valiosos recursos para ayudaros a acceder a comestibles y comidas.<\/p>\n\n<h4 class=\"wp-block-heading has-teal-color has-text-color has-link-color wp-elements-4c33e35b7ea108b5c9ff0bf590c6744f\"><strong>Para encontrar apoyo cerca de ti:<\/strong><\/h4>\n\n<p>1. Visita <a href=\"http:\/\/stlfoodbank.org\/find-food\" target=\"_blank\" rel=\"noreferrer noopener\">stlfoodbank.org\/find-food<\/a><\/p>\n\n<p>2. Utiliza la herramienta \u00abBuscar una despensa\u00bb para localizar despensas cercanas para comprar alimentos.<\/p>\n\n<p>3. Consulta la b\u00fasqueda \u00abVisita un acto de distribuci\u00f3n de alimentos\u00bb para ver los pr\u00f3ximos actos en tu zona.<\/p>\n\n<p>Tanto si necesitas ayuda inmediata como si est\u00e1s planificando, estos recursos est\u00e1n aqu\u00ed para ayudarte a ti y a tu familia.<\/p>\n\n<div style=\"height:36px\" aria-hidden=\"true\" class=\"wp-block-spacer\"><\/div>\n\n<hr class=\"wp-block-separator has-text-color has-body-copy-color has-alpha-channel-opacity has-body-copy-background-color has-background\"\/>\n\n<div style=\"height:20px\" aria-hidden=\"true\" class=\"wp-block-spacer\"><\/div>\n\n<h3 class=\"wp-block-heading has-body-copy-color has-text-color has-link-color wp-elements-baf79a250b57aac772b1dffb5bd6939b\" id=\"maintenanceMatters\" style=\"font-size:26px\">Cuestiones de mantenimiento<\/h3>\n\n<h3 class=\"wp-block-heading has-medium-dark-blue-color has-text-color has-link-color wp-elements-a8b8343779e0a71252eed372bc20f075\"><em>Mantener tu casa en plena forma<\/em><\/h3>\n\n<p>En Viviendas del Condado, creemos que un hogar bien mantenido es la base de un entorno vital feliz y saludable.<\/p>\n\n<h4 class=\"wp-block-heading has-medium-green-color has-text-color has-link-color wp-elements-7197b1de6e2e39fe498e569cf8a53b7c\"><strong>Reparaciones y mantenimiento<\/strong><\/h4>\n\n<p>El mantenimiento regular es clave para que tu casa siga siendo c\u00f3moda y funcional. Nuestro equipo de mantenimiento se encarga de abordar las reparaciones rutinarias y las inspecciones estacionales para garantizar que tu espacio vital est\u00e9 bien cuidado. Ya se trate de un grifo que gotea, problemas de climatizaci\u00f3n o un electrodom\u00e9stico estropeado, queremos ocuparnos de estos problemas con eficiencia y eficacia. No dudes en ponerte en contacto con tu administrador de fincas para cualquier necesidad de mantenimiento, a fin de evitar problemas mayores y mantener tu casa en buenas condiciones.   <\/p>\n\n<h4 class=\"wp-block-heading has-pink-color has-text-color has-link-color wp-elements-d4efcc95df458540c8bbab5d5907832b\"><strong>Informaci\u00f3n de contacto<\/strong><\/h4>\n\n<p>Si eres residente de <strong>Villa Lago, Fee Fee Manor, Arbor Hill o NSP<\/strong>, llama al <strong>314-788-6458<\/strong><\/p>\n\n<p>Si resides en <strong>Pagedale<\/strong>, <strong>Olivette<\/strong>, <strong>Hillsdale<\/strong> o <strong>Highview<\/strong> (incluidos los lugares dispersos), llama al <strong>314-912-7958<\/strong>.<\/p>\n\n<p><strong>Tel\u00e9fono de Mantenimiento de Emergencia 314-492-3811<\/strong><\/p>\n\n<ul class=\"wp-block-list\">\n<li><strong>Disponible:<\/strong> De lunes a viernes, de 16:30 a 8:30.<\/li>\n\n\n\n<li><strong>Fines de semana:<\/strong> cobertura 24\/7<\/li>\n<\/ul>\n\n<h4 class=\"wp-block-heading has-teal-color has-text-color has-link-color wp-elements-87455488f4b0de3b0d59cbdcd3be9b64\"><strong>\u00a1Estamos aqu\u00ed para ayudarte!<\/strong><\/h4>\n\n<p>Nuestro objetivo es garantizarte un entorno vital seguro y confortable. Tu satisfacci\u00f3n es nuestra prioridad, y estamos aqu\u00ed para ayudarte con cualquier necesidad de mantenimiento que puedas tener. Ponte en contacto con nosotros si tienes alguna pregunta, duda o petici\u00f3n. Siempre estamos dispuestos a ayudar y a asegurarnos de que tu casa se mantenga en excelentes condiciones.   <\/p>\n\n<p>Gracias por ser una parte esencial de nuestra comunidad. Juntos podemos hacer que tu casa y tu barrio sigan siendo un gran lugar para vivir. <\/p>\n\n<p>Saludos cordiales, <br\/>El Equipo de Mantenimiento de Viviendas del Condado<\/p>\n\n<div style=\"height:36px\" aria-hidden=\"true\" class=\"wp-block-spacer\"><\/div>\n\n<hr class=\"wp-block-separator has-text-color has-body-copy-color has-alpha-channel-opacity has-body-copy-background-color has-background\"\/>\n\n<div style=\"height:40px\" aria-hidden=\"true\" class=\"wp-block-spacer\"><\/div>\n\n<figure class=\"wp-block-image size-full is-resized\"><a href=\"https:\/\/www.hud.gov\/i_want_to\/file_a_fair_housing_discrimination_complaint\" target=\"_blank\" rel=\"noreferrer noopener\"><img decoding=\"async\" width=\"600\" height=\"573\" data-src=\"https:\/\/countyhousing.org\/wp-content\/uploads\/2024\/10\/EqualHousingLogo.png\" alt=\"\" class=\"wp-image-2731 lazyload\" style=\"--smush-placeholder-width: 600px; --smush-placeholder-aspect-ratio: 600\/573;width:120px\" data-srcset=\"https:\/\/countyhousing.org\/wp-content\/uploads\/2024\/10\/EqualHousingLogo.png 600w, https:\/\/countyhousing.org\/wp-content\/uploads\/2024\/10\/EqualHousingLogo-300x287.png 300w\" data-sizes=\"(max-width: 600px) 100vw, 600px\" src=\"data:image\/svg+xml;base64,PHN2ZyB3aWR0aD0iMSIgaGVpZ2h0PSIxIiB4bWxucz0iaHR0cDovL3d3dy53My5vcmcvMjAwMC9zdmciPjwvc3ZnPg==\" \/><\/a><\/figure>\n\n<h3 class=\"wp-block-heading has-light-blue-color has-text-color has-link-color wp-elements-3ed07f58b53bdd80df80b0e2471a58b7\" id=\"fairHousingFact\"><em>Datos sobre vivienda justa: \u00a1Conoce tus derechos!<\/em><\/h3>\n\n<p>\u00bfSab\u00edas que, seg\u00fan la Ley de Vivienda Justa, es ilegal discriminar en materia de vivienda por motivos de raza, color, nacionalidad, religi\u00f3n, sexo, discapacidad o situaci\u00f3n familiar? Esto significa que los propietarios y proveedores de vivienda no pueden tratarte injustamente por estas caracter\u00edsticas cuando se trata de alquilar, comprar o conseguir un pr\u00e9stamo para una vivienda. <\/p>\n\n<p>Si crees que se han vulnerado tus derechos, puedes presentar una queja ante el Departamento de Vivienda y Desarrollo Urbano de EEUU (HUD). \u00a1Todo el mundo merece el mismo acceso a una vivienda segura y asequible! <\/p>\n\n<p>\u00a1Mantente informado, conoce tus derechos y protege tus oportunidades de vivienda!<\/p>\n\n<p>Si crees que has sufrido discriminaci\u00f3n en materia de vivienda, es importante que act\u00faes. Puedes presentar una denuncia ante el Departamento de Vivienda y Desarrollo Urbano de EE.UU. (HUD) para informar de cualquier violaci\u00f3n de tus derechos. Para saber m\u00e1s sobre el proceso y presentar tu queja, visita <a href=\"https:\/\/www.hud.gov\/i_want_to\/file_a_fair_housing_discrimination_complaint\" target=\"_blank\" rel=\"noreferrer noopener\">la p\u00e1gina de Vivienda Justa del HUD<\/a>. Recuerda que todo el mundo merece tener el mismo acceso a una vivienda segura y asequible, as\u00ed que mantente informado y defiende tus derechos.   <\/p>\n\n<div style=\"height:36px\" aria-hidden=\"true\" class=\"wp-block-spacer\"><\/div>\n\n<hr class=\"wp-block-separator has-text-color has-body-copy-color has-alpha-channel-opacity has-body-copy-background-color has-background\"\/>\n\n<div style=\"height:20px\" aria-hidden=\"true\" class=\"wp-block-spacer\"><\/div>\n\n<h3 class=\"wp-block-heading has-medium-green-color has-text-color has-link-color wp-elements-1c5d00fd30774ad7646ce509d92c455b\" id=\"updatesAndAnnouncements\"><em>Actualizaciones y anuncios<\/em><\/h3>\n\n<h4 class=\"wp-block-heading has-medium-dark-blue-color has-text-color has-link-color wp-elements-9382b5982f3f0277e88adc2bd55da595\"><strong><strong>Pol\u00edtica actualizada de Admisi\u00f3n y Ocupaci\u00f3n Continuada (ACOP) disponible en l\u00ednea<\/strong><\/strong><\/h4>\n\n<p>Nos gustar\u00eda informarte de que ya est\u00e1 disponible en nuestro sitio web un borrador actualizado del ACOP. Este documento incluye varios cambios importantes, por lo que te animamos a que lo revises para mantenerte informado sobre nuestras pol\u00edticas y procedimientos. Visita <a href=\"https:\/\/countyhousing.org\/es\/\" target=\"_blank\" rel=\"noreferrer noopener\">countyhousing.org<\/a> para acceder al documento completo.  <\/p>\n\n<h4 class=\"wp-block-heading has-teal-color has-text-color has-link-color wp-elements-195c34881eb0755bf60ae992cdbae43c\">Anuncio de <strong>reuni\u00f3n de la Junta Consultiva de Residentes<\/strong> <\/h4>\n\n<p>Fecha: 23 de octubre de 2024<br\/>Hora: 3 p.m.<\/p>\n\n<p>Te invitamos a participar en la pr\u00f3xima <strong>Reuni\u00f3n del Consejo Asesor de Residentes<\/strong>, que se celebrar\u00e1 en formato h\u00edbrido. Asiste en persona o \u00fanete a nosotros virtualmente, lo que te resulte m\u00e1s c\u00f3modo. Todos son bienvenidos.  <\/p>\n\n<p><strong>Lugar en persona:<\/strong><br\/>Oficina de Vivienda del Condado <br\/>8865 Natural Bridge Road <br\/>St. Louis, MO 63121  <\/p>\n\n<p><strong>Asistencia virtual a trav\u00e9s de Microsoft Teams: <\/strong><br\/>ID de la reuni\u00f3n: 251 641 255 218<br\/>C\u00f3digo de acceso: v58DQg<\/p>\n\n<p><strong>Esperamos tu participaci\u00f3n y tus aportaciones. Tu voz es importante para dar forma al futuro de nuestra comunidad. <strong>Por favor, confirma tu asistencia a Kawanna Tate, Directora de Administraci\u00f3n de la Vivienda, en <a href=\"mailto:kawannat@countyhousing.org\">kawannat@countyhousing.org<\/a><\/strong> <\/strong><\/p>\n\n<div style=\"height:100px\" aria-hidden=\"true\" class=\"wp-block-spacer\"><\/div>\n","protected":false},"excerpt":{"rendered":"<p>Bolet\u00edn para residentes en viviendas p\u00fablicas de octubre de 2024<\/p>\n","protected":false},"author":1,"featured_media":2717,"comment_status":"closed","ping_status":"closed","sticky":false,"template":"","format":"standard","meta":{"_acf_changed":false,"footnotes":"","_classifai_error":"","_classifai_text_to_speech_error":"","_classifai_text_to_speech_scheduled":false},"categories":[49],"tags":[],"class_list":["post-3270","post","type-post","status-publish","format-standard","has-post-thumbnail","hentry","category-sin-categorizar"],"acf":[],"yoast_head":"<!-- This site is optimized with the Yoast SEO plugin v27.4 - https:\/\/yoast.com\/product\/yoast-seo-wordpress\/ -->\n<title>Conexi\u00f3n residente - County Housing<\/title>\n<meta name=\"robots\" content=\"index, follow, max-snippet:-1, max-image-preview:large, max-video-preview:-1\" \/>\n<link rel=\"canonical\" href=\"https:\/\/countyhousing.org\/es\/conexion-residente-3\/\" \/>\n<meta property=\"og:locale\" content=\"es_ES\" \/>\n<meta property=\"og:type\" content=\"article\" \/>\n<meta property=\"og:title\" content=\"Conexi\u00f3n residente - County Housing\" \/>\n<meta property=\"og:description\" content=\"Bolet\u00edn para residentes en viviendas p\u00fablicas de octubre de 2024\" \/>\n<meta property=\"og:url\" content=\"https:\/\/countyhousing.org\/es\/conexion-residente-3\/\" \/>\n<meta property=\"og:site_name\" content=\"County Housing\" \/>\n<meta property=\"article:published_time\" content=\"2024-10-29T13:00:00+00:00\" \/>\n<meta property=\"article:modified_time\" content=\"2025-05-07T20:16:26+00:00\" \/>\n<meta property=\"og:image\" content=\"https:\/\/countyhousing.org\/wp-content\/uploads\/2024\/10\/CH-hdr.jpg\" \/>\n\t<meta property=\"og:image:width\" content=\"1200\" \/>\n\t<meta property=\"og:image:height\" content=\"630\" \/>\n\t<meta property=\"og:image:type\" content=\"image\/jpeg\" \/>\n<meta name=\"author\" content=\"countyhousistg\" \/>\n<meta name=\"twitter:card\" content=\"summary_large_image\" \/>\n<meta name=\"twitter:label1\" content=\"Escrito por\" \/>\n\t<meta name=\"twitter:data1\" content=\"countyhousistg\" \/>\n\t<meta name=\"twitter:label2\" content=\"Tiempo de lectura\" \/>\n\t<meta name=\"twitter:data2\" content=\"12 minutos\" \/>\n<script type=\"application\/ld+json\" class=\"yoast-schema-graph\">{\"@context\":\"https:\\\/\\\/schema.org\",\"@graph\":[{\"@type\":\"Article\",\"@id\":\"https:\\\/\\\/countyhousing.org\\\/es\\\/conexion-residente-3\\\/#article\",\"isPartOf\":{\"@id\":\"https:\\\/\\\/countyhousing.org\\\/es\\\/conexion-residente-3\\\/\"},\"author\":{\"name\":\"countyhousistg\",\"@id\":\"https:\\\/\\\/countyhousing.org\\\/es\\\/#\\\/schema\\\/person\\\/329b4bf92d32839b09b9823303d7250e\"},\"headline\":\"Conexi\u00f3n residente\",\"datePublished\":\"2024-10-29T13:00:00+00:00\",\"dateModified\":\"2025-05-07T20:16:26+00:00\",\"mainEntityOfPage\":{\"@id\":\"https:\\\/\\\/countyhousing.org\\\/es\\\/conexion-residente-3\\\/\"},\"wordCount\":2391,\"publisher\":{\"@id\":\"https:\\\/\\\/countyhousing.org\\\/es\\\/#organization\"},\"image\":{\"@id\":\"https:\\\/\\\/countyhousing.org\\\/es\\\/conexion-residente-3\\\/#primaryimage\"},\"thumbnailUrl\":\"https:\\\/\\\/countyhousing.org\\\/wp-content\\\/uploads\\\/2024\\\/10\\\/CH-hdr.jpg\",\"articleSection\":[\"Sin categorizar\"],\"inLanguage\":\"es\"},{\"@type\":\"WebPage\",\"@id\":\"https:\\\/\\\/countyhousing.org\\\/es\\\/conexion-residente-3\\\/\",\"url\":\"https:\\\/\\\/countyhousing.org\\\/es\\\/conexion-residente-3\\\/\",\"name\":\"Conexi\u00f3n residente - County Housing\",\"isPartOf\":{\"@id\":\"https:\\\/\\\/countyhousing.org\\\/es\\\/#website\"},\"primaryImageOfPage\":{\"@id\":\"https:\\\/\\\/countyhousing.org\\\/es\\\/conexion-residente-3\\\/#primaryimage\"},\"image\":{\"@id\":\"https:\\\/\\\/countyhousing.org\\\/es\\\/conexion-residente-3\\\/#primaryimage\"},\"thumbnailUrl\":\"https:\\\/\\\/countyhousing.org\\\/wp-content\\\/uploads\\\/2024\\\/10\\\/CH-hdr.jpg\",\"datePublished\":\"2024-10-29T13:00:00+00:00\",\"dateModified\":\"2025-05-07T20:16:26+00:00\",\"breadcrumb\":{\"@id\":\"https:\\\/\\\/countyhousing.org\\\/es\\\/conexion-residente-3\\\/#breadcrumb\"},\"inLanguage\":\"es\",\"potentialAction\":[{\"@type\":\"ReadAction\",\"target\":[\"https:\\\/\\\/countyhousing.org\\\/es\\\/conexion-residente-3\\\/\"]}]},{\"@type\":\"ImageObject\",\"inLanguage\":\"es\",\"@id\":\"https:\\\/\\\/countyhousing.org\\\/es\\\/conexion-residente-3\\\/#primaryimage\",\"url\":\"https:\\\/\\\/countyhousing.org\\\/wp-content\\\/uploads\\\/2024\\\/10\\\/CH-hdr.jpg\",\"contentUrl\":\"https:\\\/\\\/countyhousing.org\\\/wp-content\\\/uploads\\\/2024\\\/10\\\/CH-hdr.jpg\",\"width\":1200,\"height\":630},{\"@type\":\"BreadcrumbList\",\"@id\":\"https:\\\/\\\/countyhousing.org\\\/es\\\/conexion-residente-3\\\/#breadcrumb\",\"itemListElement\":[{\"@type\":\"ListItem\",\"position\":1,\"name\":\"Home\",\"item\":\"https:\\\/\\\/countyhousing.org\\\/es\\\/pagina-de-inicio\\\/\"},{\"@type\":\"ListItem\",\"position\":2,\"name\":\"Conexi\u00f3n residente\"}]},{\"@type\":\"WebSite\",\"@id\":\"https:\\\/\\\/countyhousing.org\\\/es\\\/#website\",\"url\":\"https:\\\/\\\/countyhousing.org\\\/es\\\/\",\"name\":\"County Housing\",\"description\":\"The Housing Authority of St. Louis County\",\"publisher\":{\"@id\":\"https:\\\/\\\/countyhousing.org\\\/es\\\/#organization\"},\"potentialAction\":[{\"@type\":\"SearchAction\",\"target\":{\"@type\":\"EntryPoint\",\"urlTemplate\":\"https:\\\/\\\/countyhousing.org\\\/es\\\/?s={search_term_string}\"},\"query-input\":{\"@type\":\"PropertyValueSpecification\",\"valueRequired\":true,\"valueName\":\"search_term_string\"}}],\"inLanguage\":\"es\"},{\"@type\":\"Organization\",\"@id\":\"https:\\\/\\\/countyhousing.org\\\/es\\\/#organization\",\"name\":\"County Housing\",\"url\":\"https:\\\/\\\/countyhousing.org\\\/es\\\/\",\"logo\":{\"@type\":\"ImageObject\",\"inLanguage\":\"es\",\"@id\":\"https:\\\/\\\/countyhousing.org\\\/es\\\/#\\\/schema\\\/logo\\\/image\\\/\",\"url\":\"https:\\\/\\\/countyhousing.org\\\/wp-content\\\/uploads\\\/2023\\\/12\\\/CH_Logo_Horizontal_Web_03-1.png\",\"contentUrl\":\"https:\\\/\\\/countyhousing.org\\\/wp-content\\\/uploads\\\/2023\\\/12\\\/CH_Logo_Horizontal_Web_03-1.png\",\"width\":279,\"height\":100,\"caption\":\"County Housing\"},\"image\":{\"@id\":\"https:\\\/\\\/countyhousing.org\\\/es\\\/#\\\/schema\\\/logo\\\/image\\\/\"}},{\"@type\":\"Person\",\"@id\":\"https:\\\/\\\/countyhousing.org\\\/es\\\/#\\\/schema\\\/person\\\/329b4bf92d32839b09b9823303d7250e\",\"name\":\"countyhousistg\",\"image\":{\"@type\":\"ImageObject\",\"inLanguage\":\"es\",\"@id\":\"https:\\\/\\\/secure.gravatar.com\\\/avatar\\\/9d36136dff7fb82b2d9d8f2dc13380a1856275c95488f878ed837557a1a942d0?s=96&d=mm&r=g\",\"url\":\"https:\\\/\\\/secure.gravatar.com\\\/avatar\\\/9d36136dff7fb82b2d9d8f2dc13380a1856275c95488f878ed837557a1a942d0?s=96&d=mm&r=g\",\"contentUrl\":\"https:\\\/\\\/secure.gravatar.com\\\/avatar\\\/9d36136dff7fb82b2d9d8f2dc13380a1856275c95488f878ed837557a1a942d0?s=96&d=mm&r=g\",\"caption\":\"countyhousistg\"},\"sameAs\":[\"https:\\\/\\\/countyhousing.org\"],\"url\":\"https:\\\/\\\/countyhousing.org\\\/es\\\/author\\\/countyhousistg\\\/\"}]}<\/script>\n<!-- \/ Yoast SEO plugin. -->","yoast_head_json":{"title":"Conexi\u00f3n residente - County Housing","robots":{"index":"index","follow":"follow","max-snippet":"max-snippet:-1","max-image-preview":"max-image-preview:large","max-video-preview":"max-video-preview:-1"},"canonical":"https:\/\/countyhousing.org\/es\/conexion-residente-3\/","og_locale":"es_ES","og_type":"article","og_title":"Conexi\u00f3n residente - County Housing","og_description":"Bolet\u00edn para residentes en viviendas p\u00fablicas de octubre de 2024","og_url":"https:\/\/countyhousing.org\/es\/conexion-residente-3\/","og_site_name":"County Housing","article_published_time":"2024-10-29T13:00:00+00:00","article_modified_time":"2025-05-07T20:16:26+00:00","og_image":[{"width":1200,"height":630,"url":"https:\/\/countyhousing.org\/wp-content\/uploads\/2024\/10\/CH-hdr.jpg","type":"image\/jpeg"}],"author":"countyhousistg","twitter_card":"summary_large_image","twitter_misc":{"Escrito por":"countyhousistg","Tiempo de lectura":"12 minutos"},"schema":{"@context":"https:\/\/schema.org","@graph":[{"@type":"Article","@id":"https:\/\/countyhousing.org\/es\/conexion-residente-3\/#article","isPartOf":{"@id":"https:\/\/countyhousing.org\/es\/conexion-residente-3\/"},"author":{"name":"countyhousistg","@id":"https:\/\/countyhousing.org\/es\/#\/schema\/person\/329b4bf92d32839b09b9823303d7250e"},"headline":"Conexi\u00f3n residente","datePublished":"2024-10-29T13:00:00+00:00","dateModified":"2025-05-07T20:16:26+00:00","mainEntityOfPage":{"@id":"https:\/\/countyhousing.org\/es\/conexion-residente-3\/"},"wordCount":2391,"publisher":{"@id":"https:\/\/countyhousing.org\/es\/#organization"},"image":{"@id":"https:\/\/countyhousing.org\/es\/conexion-residente-3\/#primaryimage"},"thumbnailUrl":"https:\/\/countyhousing.org\/wp-content\/uploads\/2024\/10\/CH-hdr.jpg","articleSection":["Sin categorizar"],"inLanguage":"es"},{"@type":"WebPage","@id":"https:\/\/countyhousing.org\/es\/conexion-residente-3\/","url":"https:\/\/countyhousing.org\/es\/conexion-residente-3\/","name":"Conexi\u00f3n residente - County Housing","isPartOf":{"@id":"https:\/\/countyhousing.org\/es\/#website"},"primaryImageOfPage":{"@id":"https:\/\/countyhousing.org\/es\/conexion-residente-3\/#primaryimage"},"image":{"@id":"https:\/\/countyhousing.org\/es\/conexion-residente-3\/#primaryimage"},"thumbnailUrl":"https:\/\/countyhousing.org\/wp-content\/uploads\/2024\/10\/CH-hdr.jpg","datePublished":"2024-10-29T13:00:00+00:00","dateModified":"2025-05-07T20:16:26+00:00","breadcrumb":{"@id":"https:\/\/countyhousing.org\/es\/conexion-residente-3\/#breadcrumb"},"inLanguage":"es","potentialAction":[{"@type":"ReadAction","target":["https:\/\/countyhousing.org\/es\/conexion-residente-3\/"]}]},{"@type":"ImageObject","inLanguage":"es","@id":"https:\/\/countyhousing.org\/es\/conexion-residente-3\/#primaryimage","url":"https:\/\/countyhousing.org\/wp-content\/uploads\/2024\/10\/CH-hdr.jpg","contentUrl":"https:\/\/countyhousing.org\/wp-content\/uploads\/2024\/10\/CH-hdr.jpg","width":1200,"height":630},{"@type":"BreadcrumbList","@id":"https:\/\/countyhousing.org\/es\/conexion-residente-3\/#breadcrumb","itemListElement":[{"@type":"ListItem","position":1,"name":"Home","item":"https:\/\/countyhousing.org\/es\/pagina-de-inicio\/"},{"@type":"ListItem","position":2,"name":"Conexi\u00f3n residente"}]},{"@type":"WebSite","@id":"https:\/\/countyhousing.org\/es\/#website","url":"https:\/\/countyhousing.org\/es\/","name":"County Housing","description":"The Housing Authority of St. Louis County","publisher":{"@id":"https:\/\/countyhousing.org\/es\/#organization"},"potentialAction":[{"@type":"SearchAction","target":{"@type":"EntryPoint","urlTemplate":"https:\/\/countyhousing.org\/es\/?s={search_term_string}"},"query-input":{"@type":"PropertyValueSpecification","valueRequired":true,"valueName":"search_term_string"}}],"inLanguage":"es"},{"@type":"Organization","@id":"https:\/\/countyhousing.org\/es\/#organization","name":"County Housing","url":"https:\/\/countyhousing.org\/es\/","logo":{"@type":"ImageObject","inLanguage":"es","@id":"https:\/\/countyhousing.org\/es\/#\/schema\/logo\/image\/","url":"https:\/\/countyhousing.org\/wp-content\/uploads\/2023\/12\/CH_Logo_Horizontal_Web_03-1.png","contentUrl":"https:\/\/countyhousing.org\/wp-content\/uploads\/2023\/12\/CH_Logo_Horizontal_Web_03-1.png","width":279,"height":100,"caption":"County Housing"},"image":{"@id":"https:\/\/countyhousing.org\/es\/#\/schema\/logo\/image\/"}},{"@type":"Person","@id":"https:\/\/countyhousing.org\/es\/#\/schema\/person\/329b4bf92d32839b09b9823303d7250e","name":"countyhousistg","image":{"@type":"ImageObject","inLanguage":"es","@id":"https:\/\/secure.gravatar.com\/avatar\/9d36136dff7fb82b2d9d8f2dc13380a1856275c95488f878ed837557a1a942d0?s=96&d=mm&r=g","url":"https:\/\/secure.gravatar.com\/avatar\/9d36136dff7fb82b2d9d8f2dc13380a1856275c95488f878ed837557a1a942d0?s=96&d=mm&r=g","contentUrl":"https:\/\/secure.gravatar.com\/avatar\/9d36136dff7fb82b2d9d8f2dc13380a1856275c95488f878ed837557a1a942d0?s=96&d=mm&r=g","caption":"countyhousistg"},"sameAs":["https:\/\/countyhousing.org"],"url":"https:\/\/countyhousing.org\/es\/author\/countyhousistg\/"}]}},"_links":{"self":[{"href":"https:\/\/countyhousing.org\/es\/wp-json\/wp\/v2\/posts\/3270","targetHints":{"allow":["GET"]}}],"collection":[{"href":"https:\/\/countyhousing.org\/es\/wp-json\/wp\/v2\/posts"}],"about":[{"href":"https:\/\/countyhousing.org\/es\/wp-json\/wp\/v2\/types\/post"}],"author":[{"embeddable":true,"href":"https:\/\/countyhousing.org\/es\/wp-json\/wp\/v2\/users\/1"}],"replies":[{"embeddable":true,"href":"https:\/\/countyhousing.org\/es\/wp-json\/wp\/v2\/comments?post=3270"}],"version-history":[{"count":0,"href":"https:\/\/countyhousing.org\/es\/wp-json\/wp\/v2\/posts\/3270\/revisions"}],"wp:featuredmedia":[{"embeddable":true,"href":"https:\/\/countyhousing.org\/es\/wp-json\/wp\/v2\/media\/2717"}],"wp:attachment":[{"href":"https:\/\/countyhousing.org\/es\/wp-json\/wp\/v2\/media?parent=3270"}],"wp:term":[{"taxonomy":"category","embeddable":true,"href":"https:\/\/countyhousing.org\/es\/wp-json\/wp\/v2\/categories?post=3270"},{"taxonomy":"post_tag","embeddable":true,"href":"https:\/\/countyhousing.org\/es\/wp-json\/wp\/v2\/tags?post=3270"}],"curies":[{"name":"wp","href":"https:\/\/api.w.org\/{rel}","templated":true}]}}