{"id":1768,"date":"2024-03-03T20:30:05","date_gmt":"2024-03-03T20:30:05","guid":{"rendered":"https:\/\/countyhousing.org\/la-evolucion-de-vivienda-del-condado-ante-retos-como-el-aumento-de-los-alquileres\/"},"modified":"2024-03-09T05:28:41","modified_gmt":"2024-03-09T05:28:41","slug":"la-evolucion-de-vivienda-del-condado-ante-retos-como-el-aumento-de-los-alquileres","status":"publish","type":"post","link":"https:\/\/countyhousing.org\/es\/la-evolucion-de-vivienda-del-condado-ante-retos-como-el-aumento-de-los-alquileres\/","title":{"rendered":"La evoluci\u00f3n de Vivienda del Condado ante retos como el aumento de los alquileres"},"content":{"rendered":"\n<p>Con los precios de los alquileres locales subiendo a niveles hist\u00f3ricos, encontrar una vivienda digna, segura y asequible puede ser dif\u00edcil, especialmente para las personas mayores, las personas con discapacidad y las familias con ingresos bajos o moderados. Una de las organizaciones en primera l\u00ednea para hacer frente a este reto es County Housing, la autoridad oficial de vivienda del condado de San Luis.<\/p>\n\n<p class=\"has-text-align-left\">\u00abLa necesidad de un hogar es universal, y Viviendas del Condado trabaja para garantizar que las personas con ingresos bajos y moderados tengan esa necesidad cubierta\u00bb, afirma la Directora Ejecutiva y Consejera Delegada, Shannon Koenig.<\/p>\n\n<p>Por lo que respecta a los consumidores, County Housing proporciona pistas sobre casas o apartamentos de alquiler asequible a trav\u00e9s de las relaciones que han establecido o de sitios web de confianza. \u00abUna vez que la gente ha encontrado un lugar donde vivir, Viviendas del Condado se asegura de que cumple las normas nacionales de seguridad y calidad\u00bb, afirma Koenig. \u00abSi algo va mal, nos aseguramos de que se arregle; y si algo va muy mal, volvemos a emitir el vale de vivienda para que la familia pueda volver a intentar encontrar un lugar mejor\u00bb.<\/p>\n\n<p>Viviendas del Condado tambi\u00e9n se comunica continuamente con los propietarios locales, tanto los que aceptan vales de vivienda como los que son posibles participantes en el programa. Una parte importante de su papel consiste en aprovechar sus relaciones con los propietarios para defender los intereses de los residentes, esforz\u00e1ndose siempre por tejer soluciones de apoyo para las personas que puedan estar atravesando un momento vulnerable y, al mismo tiempo, darles capacidad de decisi\u00f3n sobre sus opciones de vivienda.<\/p>\n\n<div style=\"height:10px\" aria-hidden=\"true\" class=\"wp-block-spacer\"><\/div>\n\n<h2 class=\"wp-block-heading has-medium-green-color has-text-color has-link-color has-large-font-size wp-elements-fd0beed087decc52863e3103e9eb1a26\" style=\"font-style:normal;font-weight:400\">Evolucionar para ser m\u00e1s proactivos<\/h2>\n\n<p>Viviendas del Condado ha iniciado recientemente una evoluci\u00f3n para ser a\u00fan m\u00e1s proactivo a la hora de satisfacer las necesidades de las personas y comunidades locales. Est\u00e1 mejorando sus operaciones y aspirando a una mejor experiencia de servicio al cliente mediante iniciativas como el lanzamiento de un nuevo sitio web.<\/p>\n\n<p>Tambi\u00e9n ha puesto en marcha otras iniciativas nuevas, y est\u00e1 trabajando para hacer frente a las percepciones negativas que a veces se encuentran las personas cuando se dirigen a un casero con un vale de vivienda.<\/p>\n\n<p>La evoluci\u00f3n de County Housing se est\u00e1 produciendo en un momento en que tiene que cubrir alquileres m\u00e1s altos con la misma cantidad de fondos del gobierno federal, y sigue enfrent\u00e1ndose a una acumulaci\u00f3n en su lista de espera. \u00abEn 2020, entraron en nuestra lista de espera 6.000 personas\u00bb, dice Koenig. \u00abSeguimos trabajando en esa lista\u00bb. Tambi\u00e9n hay listas de espera de a\u00f1os para cada una de las promociones de vivienda p\u00fablica que gestiona County Housing.<\/p>\n\n<p>\u00abNuestras listas de espera reflejan la enorme demanda de viviendas dignas, seguras y asequibles\u00bb, afirma Koenig. \u00abEs dif\u00edcil entrar en una lista, y luego nunca est\u00e1s seguro de cu\u00e1nto tiempo vas a esperar\u00bb.<\/p>\n\n<p>En respuesta, Viviendas del Condado est\u00e1 actualizando sus sistemas para mantener a la comunidad local mejor informada sobre las vacantes en las listas de espera. Para dar a la gente m\u00e1s opciones, tambi\u00e9n ha comenzado a adjuntar sus vales a desarrollos existentes y nuevos como Wellington Family Homes, un proyecto que est\u00e1 convirtiendo voluntariamente antiguas viviendas p\u00fablicas en viviendas asequibles en Wellston, y University Crossing, un nuevo proyecto de Cr\u00e9dito Fiscal para Viviendas de Bajos Ingresos en la Interestatal 70 y Hanley.<\/p>\n\n<div style=\"height:10px\" aria-hidden=\"true\" class=\"wp-block-spacer\"><\/div>\n\n<h2 class=\"wp-block-heading has-pink-color has-text-color has-link-color has-large-font-size wp-elements-31d0f75e3632f6d67e0edd79c62edded\" style=\"font-style:normal;font-weight:400\">Responder a los retos actuales<\/h2>\n\n<p>La capacidad de Viviendas del Condado para modificar sus normas de pago est\u00e1 limitada por los alquileres justos de mercado fijados a nivel federal y que se aplican a toda un \u00e1rea metropolitana, por lo que no puede limitarse a aumentar la cantidad que paga para hacer frente a la subida de los precios del alquiler. Adopt\u00f3 las normas de pago m\u00e1s elevadas posibles durante el COVID (120% de los alquileres justos de mercado), y su personal est\u00e1 a la espera de cambios en el \u00e1mbito federal, como que el Departamento de Vivienda y Desarrollo Urbano de EE.UU. aumente la cuant\u00eda de los alquileres justos de mercado y utilice importes de alquiler basados en zonas m\u00e1s peque\u00f1as (como un c\u00f3digo postal).<\/p>\n\n<p>Debido a que los programas de vales de vivienda s\u00f3lo tienen suficiente dinero para ayudar a 1 de cada 4 personas que califican en funci\u00f3n de sus ingresos, dice Koenig, Condado de Vivienda aboga por el aumento de la financiaci\u00f3n del gobierno federal y fuentes locales. Y debido a que la escasez cr\u00f3nica de financiaci\u00f3n de la vivienda p\u00fablica no ha seguido el ritmo de la necesidad de actualizaci\u00f3n e inversi\u00f3n, Viviendas del Condado es cada vez m\u00e1s activo en el desarrollo de bienes ra\u00edces, tanto la reurbanizaci\u00f3n de las unidades que ya posee utilizando herramientas como el programa de Cr\u00e9dito Fiscal para Viviendas de Bajos Ingresos y la asociaci\u00f3n con otras organizaciones para construir nuevas viviendas asequibles.<\/p>\n\n<p>El objetivo de Viviendas del Condado es que sus esfuerzos sirvan de trampol\u00edn a los residentes hacia cosas mayores y mejores, incluido el camino hacia la propiedad de la vivienda. \u00abVivir en una vivienda p\u00fablica no es una soluci\u00f3n a largo plazo para las familias\u00bb, afirma Koenig. \u00abEstamos reforzando la piedra angular de los cimientos de la comunidad en un momento en que la gente m\u00e1s lo necesita. Las cosas que hacemos cambian realmente la vida de la gente\u00bb.<\/p>\n\n<div style=\"height:50px\" aria-hidden=\"true\" class=\"wp-block-spacer\"><\/div>\n","protected":false},"excerpt":{"rendered":"<p>\u00abLa necesidad de un hogar es universal, y Viviendas del Condado trabaja para garantizar que las personas con ingresos bajos y moderados tengan esa necesidad cubierta\u00bb, afirma la Directora Ejecutiva y Consejera Delegada, Shannon Koenig.<\/p>\n","protected":false},"author":1,"featured_media":1668,"comment_status":"closed","ping_status":"closed","sticky":false,"template":"","format":"standard","meta":{"_acf_changed":false,"footnotes":"","_classifai_error":"","_classifai_text_to_speech_error":"","_classifai_text_to_speech_scheduled":false},"categories":[49],"tags":[],"class_list":["post-1768","post","type-post","status-publish","format-standard","has-post-thumbnail","hentry","category-sin-categorizar"],"acf":[],"yoast_head":"<!-- This site is optimized with the Yoast SEO plugin v27.4 - https:\/\/yoast.com\/product\/yoast-seo-wordpress\/ -->\n<title>La evoluci\u00f3n de Vivienda del Condado ante retos como el aumento de los alquileres - County Housing<\/title>\n<meta name=\"description\" content=\"&quot;La necesidad de un hogar es universal, y Viviendas del Condado trabaja para garantizar que las personas con ingresos bajos y moderados tengan esa necesidad cubierta&quot;, afirma la Directora Ejecutiva y Consejera Delegada, Shannon Koenig.\" \/>\n<meta name=\"robots\" content=\"index, follow, max-snippet:-1, max-image-preview:large, max-video-preview:-1\" \/>\n<link rel=\"canonical\" href=\"https:\/\/countyhousing.org\/es\/la-evolucion-de-vivienda-del-condado-ante-retos-como-el-aumento-de-los-alquileres\/\" \/>\n<meta property=\"og:locale\" content=\"es_ES\" \/>\n<meta property=\"og:type\" content=\"article\" \/>\n<meta property=\"og:title\" content=\"La evoluci\u00f3n de Vivienda del Condado ante retos como el aumento de los alquileres\" \/>\n<meta property=\"og:description\" content=\"&quot;La necesidad de un hogar es universal, y Viviendas del Condado trabaja para garantizar que las personas con ingresos bajos y moderados tengan esa necesidad cubierta&quot;, afirma la Directora Ejecutiva y Consejera Delegada, Shannon Koenig.\" \/>\n<meta property=\"og:url\" content=\"https:\/\/countyhousing.org\/es\/la-evolucion-de-vivienda-del-condado-ante-retos-como-el-aumento-de-los-alquileres\/\" \/>\n<meta property=\"og:site_name\" content=\"County Housing\" \/>\n<meta property=\"article:published_time\" content=\"2024-03-03T20:30:05+00:00\" \/>\n<meta property=\"article:modified_time\" content=\"2024-03-09T05:28:41+00:00\" \/>\n<meta property=\"og:image\" content=\"https:\/\/countyhousing.org\/wp-content\/uploads\/2024\/03\/PropertyGrid-1-1024x536.jpg\" \/>\n<meta name=\"author\" content=\"countyhousistg\" \/>\n<meta name=\"twitter:card\" content=\"summary_large_image\" \/>\n<meta name=\"twitter:title\" content=\"La evoluci\u00f3n de Vivienda del Condado ante retos como el aumento de los alquileres\" \/>\n<meta name=\"twitter:description\" content=\"&quot;La necesidad de un hogar es universal, y Viviendas del Condado trabaja para garantizar que las personas con ingresos bajos y moderados tengan esa necesidad cubierta&quot;, afirma la Directora Ejecutiva y Consejera Delegada, Shannon Koenig.\" \/>\n<meta name=\"twitter:image\" content=\"https:\/\/countyhousing.org\/wp-content\/uploads\/2024\/03\/PropertyGrid-1-1024x536.jpg\" \/>\n<meta name=\"twitter:label1\" content=\"Escrito por\" \/>\n\t<meta name=\"twitter:data1\" content=\"countyhousistg\" \/>\n\t<meta name=\"twitter:label2\" content=\"Tiempo de lectura\" \/>\n\t<meta name=\"twitter:data2\" content=\"5 minutos\" \/>\n<script type=\"application\/ld+json\" class=\"yoast-schema-graph\">{\"@context\":\"https:\\\/\\\/schema.org\",\"@graph\":[{\"@type\":\"Article\",\"@id\":\"https:\\\/\\\/countyhousing.org\\\/es\\\/la-evolucion-de-vivienda-del-condado-ante-retos-como-el-aumento-de-los-alquileres\\\/#article\",\"isPartOf\":{\"@id\":\"https:\\\/\\\/countyhousing.org\\\/es\\\/la-evolucion-de-vivienda-del-condado-ante-retos-como-el-aumento-de-los-alquileres\\\/\"},\"author\":{\"name\":\"countyhousistg\",\"@id\":\"https:\\\/\\\/countyhousing.org\\\/es\\\/#\\\/schema\\\/person\\\/329b4bf92d32839b09b9823303d7250e\"},\"headline\":\"La evoluci\u00f3n de Vivienda del Condado ante retos como el aumento de los alquileres\",\"datePublished\":\"2024-03-03T20:30:05+00:00\",\"dateModified\":\"2024-03-09T05:28:41+00:00\",\"mainEntityOfPage\":{\"@id\":\"https:\\\/\\\/countyhousing.org\\\/es\\\/la-evolucion-de-vivienda-del-condado-ante-retos-como-el-aumento-de-los-alquileres\\\/\"},\"wordCount\":935,\"publisher\":{\"@id\":\"https:\\\/\\\/countyhousing.org\\\/es\\\/#organization\"},\"image\":{\"@id\":\"https:\\\/\\\/countyhousing.org\\\/es\\\/la-evolucion-de-vivienda-del-condado-ante-retos-como-el-aumento-de-los-alquileres\\\/#primaryimage\"},\"thumbnailUrl\":\"https:\\\/\\\/countyhousing.org\\\/wp-content\\\/uploads\\\/2024\\\/03\\\/PropertyGrid-1.jpg\",\"articleSection\":[\"Sin categorizar\"],\"inLanguage\":\"es\"},{\"@type\":\"WebPage\",\"@id\":\"https:\\\/\\\/countyhousing.org\\\/es\\\/la-evolucion-de-vivienda-del-condado-ante-retos-como-el-aumento-de-los-alquileres\\\/\",\"url\":\"https:\\\/\\\/countyhousing.org\\\/es\\\/la-evolucion-de-vivienda-del-condado-ante-retos-como-el-aumento-de-los-alquileres\\\/\",\"name\":\"La evoluci\u00f3n de Vivienda del Condado ante retos como el aumento de los alquileres - County Housing\",\"isPartOf\":{\"@id\":\"https:\\\/\\\/countyhousing.org\\\/es\\\/#website\"},\"primaryImageOfPage\":{\"@id\":\"https:\\\/\\\/countyhousing.org\\\/es\\\/la-evolucion-de-vivienda-del-condado-ante-retos-como-el-aumento-de-los-alquileres\\\/#primaryimage\"},\"image\":{\"@id\":\"https:\\\/\\\/countyhousing.org\\\/es\\\/la-evolucion-de-vivienda-del-condado-ante-retos-como-el-aumento-de-los-alquileres\\\/#primaryimage\"},\"thumbnailUrl\":\"https:\\\/\\\/countyhousing.org\\\/wp-content\\\/uploads\\\/2024\\\/03\\\/PropertyGrid-1.jpg\",\"datePublished\":\"2024-03-03T20:30:05+00:00\",\"dateModified\":\"2024-03-09T05:28:41+00:00\",\"description\":\"\\\"La necesidad de un hogar es universal, y Viviendas del Condado trabaja para garantizar que las personas con ingresos bajos y moderados tengan esa necesidad cubierta\\\", afirma la Directora Ejecutiva y Consejera Delegada, Shannon Koenig.\",\"breadcrumb\":{\"@id\":\"https:\\\/\\\/countyhousing.org\\\/es\\\/la-evolucion-de-vivienda-del-condado-ante-retos-como-el-aumento-de-los-alquileres\\\/#breadcrumb\"},\"inLanguage\":\"es\",\"potentialAction\":[{\"@type\":\"ReadAction\",\"target\":[\"https:\\\/\\\/countyhousing.org\\\/es\\\/la-evolucion-de-vivienda-del-condado-ante-retos-como-el-aumento-de-los-alquileres\\\/\"]}]},{\"@type\":\"ImageObject\",\"inLanguage\":\"es\",\"@id\":\"https:\\\/\\\/countyhousing.org\\\/es\\\/la-evolucion-de-vivienda-del-condado-ante-retos-como-el-aumento-de-los-alquileres\\\/#primaryimage\",\"url\":\"https:\\\/\\\/countyhousing.org\\\/wp-content\\\/uploads\\\/2024\\\/03\\\/PropertyGrid-1.jpg\",\"contentUrl\":\"https:\\\/\\\/countyhousing.org\\\/wp-content\\\/uploads\\\/2024\\\/03\\\/PropertyGrid-1.jpg\",\"width\":1200,\"height\":628},{\"@type\":\"BreadcrumbList\",\"@id\":\"https:\\\/\\\/countyhousing.org\\\/es\\\/la-evolucion-de-vivienda-del-condado-ante-retos-como-el-aumento-de-los-alquileres\\\/#breadcrumb\",\"itemListElement\":[{\"@type\":\"ListItem\",\"position\":1,\"name\":\"Home\",\"item\":\"https:\\\/\\\/countyhousing.org\\\/es\\\/pagina-de-inicio\\\/\"},{\"@type\":\"ListItem\",\"position\":2,\"name\":\"La evoluci\u00f3n de Vivienda del Condado ante retos como el aumento de los alquileres\"}]},{\"@type\":\"WebSite\",\"@id\":\"https:\\\/\\\/countyhousing.org\\\/es\\\/#website\",\"url\":\"https:\\\/\\\/countyhousing.org\\\/es\\\/\",\"name\":\"County Housing\",\"description\":\"The Housing Authority of St. Louis County\",\"publisher\":{\"@id\":\"https:\\\/\\\/countyhousing.org\\\/es\\\/#organization\"},\"potentialAction\":[{\"@type\":\"SearchAction\",\"target\":{\"@type\":\"EntryPoint\",\"urlTemplate\":\"https:\\\/\\\/countyhousing.org\\\/es\\\/?s={search_term_string}\"},\"query-input\":{\"@type\":\"PropertyValueSpecification\",\"valueRequired\":true,\"valueName\":\"search_term_string\"}}],\"inLanguage\":\"es\"},{\"@type\":\"Organization\",\"@id\":\"https:\\\/\\\/countyhousing.org\\\/es\\\/#organization\",\"name\":\"County Housing\",\"url\":\"https:\\\/\\\/countyhousing.org\\\/es\\\/\",\"logo\":{\"@type\":\"ImageObject\",\"inLanguage\":\"es\",\"@id\":\"https:\\\/\\\/countyhousing.org\\\/es\\\/#\\\/schema\\\/logo\\\/image\\\/\",\"url\":\"https:\\\/\\\/countyhousing.org\\\/wp-content\\\/uploads\\\/2023\\\/12\\\/CH_Logo_Horizontal_Web_03-1.png\",\"contentUrl\":\"https:\\\/\\\/countyhousing.org\\\/wp-content\\\/uploads\\\/2023\\\/12\\\/CH_Logo_Horizontal_Web_03-1.png\",\"width\":279,\"height\":100,\"caption\":\"County Housing\"},\"image\":{\"@id\":\"https:\\\/\\\/countyhousing.org\\\/es\\\/#\\\/schema\\\/logo\\\/image\\\/\"}},{\"@type\":\"Person\",\"@id\":\"https:\\\/\\\/countyhousing.org\\\/es\\\/#\\\/schema\\\/person\\\/329b4bf92d32839b09b9823303d7250e\",\"name\":\"countyhousistg\",\"image\":{\"@type\":\"ImageObject\",\"inLanguage\":\"es\",\"@id\":\"https:\\\/\\\/secure.gravatar.com\\\/avatar\\\/9d36136dff7fb82b2d9d8f2dc13380a1856275c95488f878ed837557a1a942d0?s=96&d=mm&r=g\",\"url\":\"https:\\\/\\\/secure.gravatar.com\\\/avatar\\\/9d36136dff7fb82b2d9d8f2dc13380a1856275c95488f878ed837557a1a942d0?s=96&d=mm&r=g\",\"contentUrl\":\"https:\\\/\\\/secure.gravatar.com\\\/avatar\\\/9d36136dff7fb82b2d9d8f2dc13380a1856275c95488f878ed837557a1a942d0?s=96&d=mm&r=g\",\"caption\":\"countyhousistg\"},\"sameAs\":[\"https:\\\/\\\/countyhousing.org\"],\"url\":\"https:\\\/\\\/countyhousing.org\\\/es\\\/author\\\/countyhousistg\\\/\"}]}<\/script>\n<!-- \/ Yoast SEO plugin. -->","yoast_head_json":{"title":"La evoluci\u00f3n de Vivienda del Condado ante retos como el aumento de los alquileres - County Housing","description":"\"La necesidad de un hogar es universal, y Viviendas del Condado trabaja para garantizar que las personas con ingresos bajos y moderados tengan esa necesidad cubierta\", afirma la Directora Ejecutiva y Consejera Delegada, Shannon Koenig.","robots":{"index":"index","follow":"follow","max-snippet":"max-snippet:-1","max-image-preview":"max-image-preview:large","max-video-preview":"max-video-preview:-1"},"canonical":"https:\/\/countyhousing.org\/es\/la-evolucion-de-vivienda-del-condado-ante-retos-como-el-aumento-de-los-alquileres\/","og_locale":"es_ES","og_type":"article","og_title":"La evoluci\u00f3n de Vivienda del Condado ante retos como el aumento de los alquileres","og_description":"\"La necesidad de un hogar es universal, y Viviendas del Condado trabaja para garantizar que las personas con ingresos bajos y moderados tengan esa necesidad cubierta\", afirma la Directora Ejecutiva y Consejera Delegada, Shannon Koenig.","og_url":"https:\/\/countyhousing.org\/es\/la-evolucion-de-vivienda-del-condado-ante-retos-como-el-aumento-de-los-alquileres\/","og_site_name":"County Housing","article_published_time":"2024-03-03T20:30:05+00:00","article_modified_time":"2024-03-09T05:28:41+00:00","og_image":[{"url":"https:\/\/countyhousing.org\/wp-content\/uploads\/2024\/03\/PropertyGrid-1-1024x536.jpg","type":"","width":"","height":""}],"author":"countyhousistg","twitter_card":"summary_large_image","twitter_title":"La evoluci\u00f3n de Vivienda del Condado ante retos como el aumento de los alquileres","twitter_description":"\"La necesidad de un hogar es universal, y Viviendas del Condado trabaja para garantizar que las personas con ingresos bajos y moderados tengan esa necesidad cubierta\", afirma la Directora Ejecutiva y Consejera Delegada, Shannon Koenig.","twitter_image":"https:\/\/countyhousing.org\/wp-content\/uploads\/2024\/03\/PropertyGrid-1-1024x536.jpg","twitter_misc":{"Escrito por":"countyhousistg","Tiempo de lectura":"5 minutos"},"schema":{"@context":"https:\/\/schema.org","@graph":[{"@type":"Article","@id":"https:\/\/countyhousing.org\/es\/la-evolucion-de-vivienda-del-condado-ante-retos-como-el-aumento-de-los-alquileres\/#article","isPartOf":{"@id":"https:\/\/countyhousing.org\/es\/la-evolucion-de-vivienda-del-condado-ante-retos-como-el-aumento-de-los-alquileres\/"},"author":{"name":"countyhousistg","@id":"https:\/\/countyhousing.org\/es\/#\/schema\/person\/329b4bf92d32839b09b9823303d7250e"},"headline":"La evoluci\u00f3n de Vivienda del Condado ante retos como el aumento de los alquileres","datePublished":"2024-03-03T20:30:05+00:00","dateModified":"2024-03-09T05:28:41+00:00","mainEntityOfPage":{"@id":"https:\/\/countyhousing.org\/es\/la-evolucion-de-vivienda-del-condado-ante-retos-como-el-aumento-de-los-alquileres\/"},"wordCount":935,"publisher":{"@id":"https:\/\/countyhousing.org\/es\/#organization"},"image":{"@id":"https:\/\/countyhousing.org\/es\/la-evolucion-de-vivienda-del-condado-ante-retos-como-el-aumento-de-los-alquileres\/#primaryimage"},"thumbnailUrl":"https:\/\/countyhousing.org\/wp-content\/uploads\/2024\/03\/PropertyGrid-1.jpg","articleSection":["Sin categorizar"],"inLanguage":"es"},{"@type":"WebPage","@id":"https:\/\/countyhousing.org\/es\/la-evolucion-de-vivienda-del-condado-ante-retos-como-el-aumento-de-los-alquileres\/","url":"https:\/\/countyhousing.org\/es\/la-evolucion-de-vivienda-del-condado-ante-retos-como-el-aumento-de-los-alquileres\/","name":"La evoluci\u00f3n de Vivienda del Condado ante retos como el aumento de los alquileres - County Housing","isPartOf":{"@id":"https:\/\/countyhousing.org\/es\/#website"},"primaryImageOfPage":{"@id":"https:\/\/countyhousing.org\/es\/la-evolucion-de-vivienda-del-condado-ante-retos-como-el-aumento-de-los-alquileres\/#primaryimage"},"image":{"@id":"https:\/\/countyhousing.org\/es\/la-evolucion-de-vivienda-del-condado-ante-retos-como-el-aumento-de-los-alquileres\/#primaryimage"},"thumbnailUrl":"https:\/\/countyhousing.org\/wp-content\/uploads\/2024\/03\/PropertyGrid-1.jpg","datePublished":"2024-03-03T20:30:05+00:00","dateModified":"2024-03-09T05:28:41+00:00","description":"\"La necesidad de un hogar es universal, y Viviendas del Condado trabaja para garantizar que las personas con ingresos bajos y moderados tengan esa necesidad cubierta\", afirma la Directora Ejecutiva y Consejera Delegada, Shannon Koenig.","breadcrumb":{"@id":"https:\/\/countyhousing.org\/es\/la-evolucion-de-vivienda-del-condado-ante-retos-como-el-aumento-de-los-alquileres\/#breadcrumb"},"inLanguage":"es","potentialAction":[{"@type":"ReadAction","target":["https:\/\/countyhousing.org\/es\/la-evolucion-de-vivienda-del-condado-ante-retos-como-el-aumento-de-los-alquileres\/"]}]},{"@type":"ImageObject","inLanguage":"es","@id":"https:\/\/countyhousing.org\/es\/la-evolucion-de-vivienda-del-condado-ante-retos-como-el-aumento-de-los-alquileres\/#primaryimage","url":"https:\/\/countyhousing.org\/wp-content\/uploads\/2024\/03\/PropertyGrid-1.jpg","contentUrl":"https:\/\/countyhousing.org\/wp-content\/uploads\/2024\/03\/PropertyGrid-1.jpg","width":1200,"height":628},{"@type":"BreadcrumbList","@id":"https:\/\/countyhousing.org\/es\/la-evolucion-de-vivienda-del-condado-ante-retos-como-el-aumento-de-los-alquileres\/#breadcrumb","itemListElement":[{"@type":"ListItem","position":1,"name":"Home","item":"https:\/\/countyhousing.org\/es\/pagina-de-inicio\/"},{"@type":"ListItem","position":2,"name":"La evoluci\u00f3n de Vivienda del Condado ante retos como el aumento de los alquileres"}]},{"@type":"WebSite","@id":"https:\/\/countyhousing.org\/es\/#website","url":"https:\/\/countyhousing.org\/es\/","name":"County Housing","description":"The Housing Authority of St. Louis County","publisher":{"@id":"https:\/\/countyhousing.org\/es\/#organization"},"potentialAction":[{"@type":"SearchAction","target":{"@type":"EntryPoint","urlTemplate":"https:\/\/countyhousing.org\/es\/?s={search_term_string}"},"query-input":{"@type":"PropertyValueSpecification","valueRequired":true,"valueName":"search_term_string"}}],"inLanguage":"es"},{"@type":"Organization","@id":"https:\/\/countyhousing.org\/es\/#organization","name":"County Housing","url":"https:\/\/countyhousing.org\/es\/","logo":{"@type":"ImageObject","inLanguage":"es","@id":"https:\/\/countyhousing.org\/es\/#\/schema\/logo\/image\/","url":"https:\/\/countyhousing.org\/wp-content\/uploads\/2023\/12\/CH_Logo_Horizontal_Web_03-1.png","contentUrl":"https:\/\/countyhousing.org\/wp-content\/uploads\/2023\/12\/CH_Logo_Horizontal_Web_03-1.png","width":279,"height":100,"caption":"County Housing"},"image":{"@id":"https:\/\/countyhousing.org\/es\/#\/schema\/logo\/image\/"}},{"@type":"Person","@id":"https:\/\/countyhousing.org\/es\/#\/schema\/person\/329b4bf92d32839b09b9823303d7250e","name":"countyhousistg","image":{"@type":"ImageObject","inLanguage":"es","@id":"https:\/\/secure.gravatar.com\/avatar\/9d36136dff7fb82b2d9d8f2dc13380a1856275c95488f878ed837557a1a942d0?s=96&d=mm&r=g","url":"https:\/\/secure.gravatar.com\/avatar\/9d36136dff7fb82b2d9d8f2dc13380a1856275c95488f878ed837557a1a942d0?s=96&d=mm&r=g","contentUrl":"https:\/\/secure.gravatar.com\/avatar\/9d36136dff7fb82b2d9d8f2dc13380a1856275c95488f878ed837557a1a942d0?s=96&d=mm&r=g","caption":"countyhousistg"},"sameAs":["https:\/\/countyhousing.org"],"url":"https:\/\/countyhousing.org\/es\/author\/countyhousistg\/"}]}},"_links":{"self":[{"href":"https:\/\/countyhousing.org\/es\/wp-json\/wp\/v2\/posts\/1768","targetHints":{"allow":["GET"]}}],"collection":[{"href":"https:\/\/countyhousing.org\/es\/wp-json\/wp\/v2\/posts"}],"about":[{"href":"https:\/\/countyhousing.org\/es\/wp-json\/wp\/v2\/types\/post"}],"author":[{"embeddable":true,"href":"https:\/\/countyhousing.org\/es\/wp-json\/wp\/v2\/users\/1"}],"replies":[{"embeddable":true,"href":"https:\/\/countyhousing.org\/es\/wp-json\/wp\/v2\/comments?post=1768"}],"version-history":[{"count":0,"href":"https:\/\/countyhousing.org\/es\/wp-json\/wp\/v2\/posts\/1768\/revisions"}],"wp:featuredmedia":[{"embeddable":true,"href":"https:\/\/countyhousing.org\/es\/wp-json\/wp\/v2\/media\/1668"}],"wp:attachment":[{"href":"https:\/\/countyhousing.org\/es\/wp-json\/wp\/v2\/media?parent=1768"}],"wp:term":[{"taxonomy":"category","embeddable":true,"href":"https:\/\/countyhousing.org\/es\/wp-json\/wp\/v2\/categories?post=1768"},{"taxonomy":"post_tag","embeddable":true,"href":"https:\/\/countyhousing.org\/es\/wp-json\/wp\/v2\/tags?post=1768"}],"curies":[{"name":"wp","href":"https:\/\/api.w.org\/{rel}","templated":true}]}}