{"id":3649,"date":"2025-10-07T14:54:43","date_gmt":"2025-10-07T19:54:43","guid":{"rendered":"https:\/\/countyhousing.org\/veza-stanara-7\/"},"modified":"2025-12-04T15:15:41","modified_gmt":"2025-12-04T21:15:41","slug":"veza-stanara-7","status":"publish","type":"post","link":"https:\/\/countyhousing.org\/bs\/veza-stanara-7\/","title":{"rendered":"Veza stanara"},"content":{"rendered":"\n<h2 class=\"wp-block-heading has-x-large-font-size\">Bilten za stanare javnog stanovanja za oktobar 2025.<\/h2>\n\n<h3 class=\"wp-block-heading has-medium-green-color has-text-color has-link-color wp-elements-4029dd77a691a26817d6d9ee44252094\" style=\"font-size:26px\">Sadr\u017eaj:<\/h3>\n\n<ul class=\"wp-block-list\">\n<li><p><a href=\"#CEOmessage\">Poruka generalnog direktora<\/a> \u2013 <em>Slu\u0161anje i vo\u0111enje<\/em><\/p><\/li>\n\n\n\n<li><p><a href=\"#featureStory\">Pri\u010da<\/a> \u2013 <em><em>Upoznajte svoj tim za odr\u017eavanje<\/em><\/em><\/p><\/li>\n\n\n\n<li><p><a href=\"#safeandsound\">Sigurno i pouzdano<\/a><\/p><\/li>\n\n\n\n<li><p><a href=\"#communityConnect\">Community Connect<\/a> \u2013 <em>Prona\u0111ite doga\u0111aje distribucije hrane u va\u0161oj blizini<\/em><\/p><\/li>\n\n\n\n<li><p><a href=\"#maintenance\">Odr\u017eavanje je va\u017eno<\/a><\/p><\/li>\n\n\n\n<li><p><a href=\"#updates\">A\u017euriranja i najave<\/a><\/p><\/li>\n<\/ul>\n\n<div style=\"height:20px\" aria-hidden=\"true\" class=\"wp-block-spacer\"><\/div>\n\n<hr class=\"wp-block-separator has-text-color has-body-copy-color has-alpha-channel-opacity has-body-copy-background-color has-background\"\/>\n\n<div style=\"height:20px\" aria-hidden=\"true\" class=\"wp-block-spacer\"><\/div>\n\n<h3 class=\"wp-block-heading has-body-copy-color has-text-color has-link-color wp-elements-2a360b6738f6b6114b025159d3fd34ac\" id=\"CEOmessage\" style=\"font-size:26px\">Poruka generalnog direktora<\/h3>\n\n<h3 class=\"wp-block-heading has-pink-color has-text-color has-link-color wp-elements-9528461f04f035201053020cd32f9340\"><em>Slu\u0161anje i vo\u0111enje<\/em><\/h3>\n\n<p>Po\u0161tovani stanovnici,<\/p>\n\n<p>Dok ulazimo u jesenju sezonu, \u017eelim odvojiti trenutak da se zahvalim svakome od vas \u0161to ste tokom cijele godine s nama podijelili svoje misli, iskustva i ideje. Va\u0161i glasovi su u sr\u017ei svega \u0161to radimo u \u017dupanijskom stambenom centru, a slu\u0161anje vas nam poma\u017ee da vodimo na na\u010dine koji zaista zadovoljavaju potrebe na\u0161e zajednice. <\/p>\n\n<p>Ovog mjeseca smo posebno fokusirani na osiguranje sigurnih i udobnih domova za sve. Va\u0161e povratne informacije o odr\u017eavanju, zajedni\u010dkim prostorima i uslugama za stanare usmjeravaju na\u0161e odluke i poma\u017eu nam da damo prioritet pobolj\u0161anjima koja \u010dine stvarnu razliku u va\u0161em svakodnevnom \u017eivotu. <\/p>\n\n<p>Ohrabrujem vas da nastavite da se izra\u017eavate, bilo da prisustvujete sastanku stanara, dijelite svoje ideje s na\u0161im osobljem ili u\u010destvujete u anketama. Va\u0161 doprinos oblikuje budu\u0107nost na\u0161ih zajednica i osigurava da je \u017dupanijski smje\u0161taj mjesto gdje se svi osje\u0107aju cijenjenima i saslu\u0161anima. <\/p>\n\n<p>Hvala vam na partnerstvu i \u0161to nam poma\u017eete da izgradimo ja\u010da, sigurnija i povezanija naselja. Zajedno, \u010dinimo County Housing mjestom koje \u0107ete s ponosom zvati domom. <\/p>\n\n<p>Srda\u010dno,<\/p>\n\n<p><strong>Shannon Koenig<\/strong><br\/> Izvr\u0161ni direktor i generalni direktor<br\/> Stambeno zbrinjavanje u okrugu<\/p>\n\n<div style=\"height:36px\" aria-hidden=\"true\" class=\"wp-block-spacer\"><\/div>\n\n<hr class=\"wp-block-separator has-text-color has-body-copy-color has-alpha-channel-opacity has-body-copy-background-color has-background\"\/>\n\n<div style=\"height:20px\" aria-hidden=\"true\" class=\"wp-block-spacer\"><\/div>\n\n<h3 class=\"wp-block-heading has-body-copy-color has-text-color has-link-color wp-elements-afedf6bff1d8d12cdb3b1cd9ca63781f\" id=\"featureStory\" style=\"font-size:26px\">Glavna pri\u010da<\/h3>\n\n<h3 class=\"wp-block-heading has-teal-color has-text-color has-link-color wp-elements-e5704e4080b0ee407145ad50eddc7efb\"><em><em><em>Upoznajte svoj tim za odr\u017eavanje<\/em><\/em><\/em><\/h3>\n\n<p style=\"font-size:26px\"><em><strong>Odr\u017eavanje va\u0161eg doma sigurnim, udobnim i dobro odr\u017eavanim<\/strong><\/em><\/p>\n\n<div style=\"height:20px\" aria-hidden=\"true\" class=\"wp-block-spacer\"><\/div>\n\n<p>U County Housingu, na\u0161 tim za odr\u017eavanje je klju\u010dan za svakodnevnu udobnost i sigurnost na\u0161ih zajednica. Bilo da se radi o rutinskim popravkama ili rje\u0161avanju hitnih slu\u010dajeva, ovi predani profesionalci su ti koji osiguravaju da va\u0161 dom ostane u dobrom radnom stanju. <\/p>\n\n<div style=\"height:20px\" aria-hidden=\"true\" class=\"wp-block-spacer\"><\/div>\n\n<p><strong>Ko su oni<\/strong><br\/> Na\u0161 tim za odr\u017eavanje uklju\u010duje vje\u0161te tehni\u010dare koji pru\u017eaju usluge u svim stambenim objektima okruga. Mo\u017eete ih prepoznati po uniformama i vozilima okruga &#8211; spremni su pomo\u0107i sa svime, od vodoinstalaterskih i elektri\u010dnih radova do HVAC-a, farbanja i preventivnog odr\u017eavanja. <\/p>\n\n<div style=\"height:20px\" aria-hidden=\"true\" class=\"wp-block-spacer\"><\/div>\n\n<p><strong>\u0160ta oni rade<\/strong><\/p>\n\n<ul class=\"wp-block-list\">\n<li>Odgovarajte na radne naloge i zahtjeve za popravke<\/li>\n\n\n\n<li>Rje\u0161avanje problema hitnog odr\u017eavanja 24\/7<\/li>\n\n\n\n<li>Osigurajte da su jedinice spremne za useljenje<\/li>\n\n\n\n<li>Podr\u0161ka inspekcijama nekretnina i uskla\u0111enosti sa sigurnosnim propisima<\/li>\n\n\n\n<li>Redovno odr\u017eavajte kako biste odr\u017eali visokokvalitetni smje\u0161taj<\/li>\n<\/ul>\n\n<div style=\"height:20px\" aria-hidden=\"true\" class=\"wp-block-spacer\"><\/div>\n\n<p><strong>\u0160ta mo\u017eete o\u010dekivati<\/strong><br\/> Kada podnesete zahtjev za odr\u017eavanje, na\u0161 tim se trudi da odgovori brzo, profesionalno i s po\u0161tovanjem prema va\u0161em domu. Dajemo prioritet zdravstvenim i sigurnosnim pitanjima i trudimo se da jasno komuniciramo o sljede\u0107im koracima i vremenskim okvirima za popravke. <\/p>\n\n<div style=\"height:20px\" aria-hidden=\"true\" class=\"wp-block-spacer\"><\/div>\n\n<p><strong>Rade\u0107i zajedno<\/strong><br\/> I vi igrate va\u017enu ulogu! Prijavljivanje problema \u010dim se pojave poma\u017ee nam da ih rije\u0161imo prije nego \u0161to postanu ve\u0107i problemi. Zajedno mo\u017eemo odr\u017eati va\u0161 dom &#8211; i na\u0161e zajednice &#8211; nesmetano funkcioniranje.  <\/p>\n\n<div style=\"height:20px\" aria-hidden=\"true\" class=\"wp-block-spacer\"><\/div>\n\n<p><strong>Trebate li podnijeti zahtjev?<\/strong><br\/> Zahtjevi za odr\u017eavanje mogu se podnijeti pozivom na <span style=\"white-space:nowrap;\">broj 314-428-3200.<\/span> Za hitne slu\u010dajeve izvan radnog vremena, pozovite <span style=\"white-space:nowrap;\">314-492-3811.<\/span> Tu smo da vam pomognemo!<\/p>\n\n<div style=\"height:20px\" aria-hidden=\"true\" class=\"wp-block-spacer\"><\/div>\n\n<p><strong>Upoznajte osoblje za odr\u017eavanje:<\/strong><\/p>\n\n<ul>\n    <li>Rodney Gillespie, nadzornik odr\u017eavanja<\/li>\n    <li>Darryl Thomas, nadzornik odr\u017eavanja<\/li>\n     <ul>\n          <li>Raol Pitts, tehni\u010dar za odr\u017eavanje<\/li>\n          <li>Daniel Lane, tehni\u010dar za odr\u017eavanje<\/li>\n          <li>Jarrad Austin, tehni\u010dar za odr\u017eavanje<\/li>\n     <\/ul>\n<\/ul>\n\n<div style=\"height:36px\" aria-hidden=\"true\" class=\"wp-block-spacer\"><\/div>\n\n<hr class=\"wp-block-separator has-text-color has-body-copy-color has-alpha-channel-opacity has-body-copy-background-color has-background\"\/>\n\n<div style=\"height:20px\" aria-hidden=\"true\" id=\"safety\" class=\"wp-block-spacer\"><\/div>\n\n<h3 class=\"wp-block-heading has-body-copy-color has-text-color has-link-color wp-elements-ff8606f7834976a46b61741056c58913\" id=\"safeandsound\" style=\"font-size:26px\">Sigurno i pouzdano<\/h3>\n\n<h3 class=\"wp-block-heading has-medium-dark-blue-color has-text-color has-link-color wp-elements-a0577506be9979340069ea8c444039cd\"><em>Oktobarski savjeti za sigurnost<\/em><\/h3>\n\n<p><strong>Pametna igra za No\u0107 vje\u0161tica<br\/><\/strong> U\u010dinite No\u0107 vje\u0161tica zabavnom i sigurnom! Hodajte plo\u010dnicima, nosite reflektiraju\u0107u odje\u0107u i provjeravajte slatki\u0161e prije jela. Djeca bi trebala i\u0107i u grupe ili s odraslom osobom tra\u017ee\u0107i slatki\u0161e.  <\/p>\n\n<p><strong>Priprema za jesenje vremenske prilike<br\/><\/strong> Opalo li\u0161\u0107e i jutarnji mraz mogu u\u010diniti staze klizavim. Odr\u017eavajte staze \u010distim, nosite odgovaraju\u0107u obu\u0107u i odmah prijavite sve opasnosti na otvorenom slu\u017ebi za odr\u017eavanje. <\/p>\n\n<p><strong>Ostanite sigurni<br\/><\/strong> Zaklju\u010dajte vrata i prozore, posebno kako se dnevni sati skra\u0107uju. Budite oprezni sa strancima na vratima &#8211; \u010dak i ako tvrde da su dostavlja\u010di ili izvo\u0111a\u010di radova. <\/p>\n\n<p><strong>Znajte koga pozvati<br\/><\/strong> Dr\u017eite pri ruci spisak kontakata za hitne slu\u010dajeve. U slu\u010daju hitnih slu\u010dajeva odr\u017eavanja, po\u017eara ili sigurnosnih problema, odmah kontaktirajte ured kako biste dobili potrebnu pomo\u0107. <\/p>\n\n<div style=\"height:40px\" aria-hidden=\"true\" class=\"wp-block-spacer\"><\/div>\n\n<p style=\"font-size:26px\"><strong>\ud83e\uddef Savjet za za\u0161titu od po\u017eara u oktobru:<\/strong> Pripremite se za hladnije vrijeme<\/p>\n\n<p>Kako temperature padaju, va\u017eno je voditi ra\u010duna o za\u0161titi od po\u017eara u va\u0161em domu. Oprema za grijanje, svije\u0107e i elektri\u010dni ukrasi mogu predstavljati rizik ako se ne koriste pravilno. <\/p>\n\n<p><strong>Savjeti za sigurnost ove jeseni:<\/strong><\/p>\n\n<ul class=\"wp-block-list\">\n<li>Nikada ne ostavljajte svije\u0107e bez nadzora i dr\u017eite ih dalje od zapaljivih predmeta. Razmislite o kori\u0161tenju svije\u0107a bez plamena radi dodatne sigurnosti. <\/li>\n\n\n\n<li>Pregledajte kablove i utika\u010de na svim elektri\u010dnim ure\u0111ajima i ukrasima. Zamijenite one koji su izlizani ili o\u0161te\u0107eni. <\/li>\n\n\n\n<li>Provjerite da li detektori dima rade i testirajte ih mjese\u010dno. Zamijenite baterije barem jednom godi\u0161nje. <\/li>\n<\/ul>\n\n<p>Preduzimaju\u0107i ove jednostavne korake, mo\u017eete sprije\u010diti po\u017eare i odr\u017eati svoj dom sigurnim tokom promjene godi\u0161njih doba.<\/p>\n\n<div style=\"height:36px\" aria-hidden=\"true\" class=\"wp-block-spacer\"><\/div>\n\n<hr class=\"wp-block-separator has-text-color has-body-copy-color has-alpha-channel-opacity has-body-copy-background-color has-background\"\/>\n\n<div style=\"height:20px\" aria-hidden=\"true\" id=\"communityConnect\" class=\"wp-block-spacer\"><\/div>\n\n<h2 class=\"wp-block-heading has-body-copy-color has-text-color has-link-color wp-elements-e22b1c39fcdeadf2f0ee43400612063c\" style=\"font-size:26px\">Povezivanje zajednice<\/h2>\n\n<h3 class=\"wp-block-heading has-medium-green-color has-text-color has-link-color wp-elements-2c419e22bc19361b7b031d1119d9ba2b\"><em>Prona\u0111ite doga\u0111aje distribucije hrane u va\u0161oj blizini<\/em><\/h3>\n\n<div style=\"height:20px\" aria-hidden=\"true\" class=\"wp-block-spacer\"><\/div>\n\n<figure class=\"wp-block-image size-full is-resized\"><a href=\"https:\/\/stlfoodbank.org\/find-food\/food-distribution-events\/\" target=\"_blank\" rel=\"noreferrer noopener\"><img fetchpriority=\"high\" decoding=\"async\" width=\"1527\" height=\"734\" src=\"https:\/\/countyhousing.org\/wp-content\/uploads\/2024\/10\/Foodbank-logo.jpg\" alt=\"Banka hrane podru&#x10D;ja St. Louisa\" class=\"wp-image-2743\" style=\"width:250px\" srcset=\"https:\/\/countyhousing.org\/wp-content\/uploads\/2024\/10\/Foodbank-logo.jpg 1527w, https:\/\/countyhousing.org\/wp-content\/uploads\/2024\/10\/Foodbank-logo-300x144.jpg 300w, https:\/\/countyhousing.org\/wp-content\/uploads\/2024\/10\/Foodbank-logo-1024x492.jpg 1024w, https:\/\/countyhousing.org\/wp-content\/uploads\/2024\/10\/Foodbank-logo-768x369.jpg 768w\" sizes=\"(max-width: 1527px) 100vw, 1527px\" \/><\/a><\/figure>\n\n<p>Okru\u017eno stambeno udru\u017eenje ponosno povezuje stanovnike s resursima koji poma\u017eu u podr\u0161ci porodicama. Banka hrane podru\u010dja St. Louisa organizira mobilne pijace i doga\u0111aje distribucije hrane \u0161irom zajednice kako bi se osiguralo da svi imaju pristup svje\u017eoj i zdravoj hrani. <\/p>\n\n<p>Mo\u017eete pregledati <a href=\"https:\/\/stlfoodbank.org\/find-food\/food-distribution-events\/\" target=\"_blank\" rel=\"noreferrer noopener\"><strong>kalendar doga\u0111aja Banke hrane<\/strong><\/a> kako biste prona\u0161li doga\u0111aj distribucije koji odgovara va\u0161em rasporedu. Tako\u0111er se mo\u017eete pretplatiti da biste bili obavije\u0161teni kada se dodaju novi doga\u0111aji, tako da \u0107ete uvijek biti u toku s prilikama u va\u0161oj blizini.<\/p>\n\n<div style=\"height:36px\" aria-hidden=\"true\" class=\"wp-block-spacer\"><\/div>\n\n<hr class=\"wp-block-separator has-text-color has-body-copy-color has-alpha-channel-opacity has-body-copy-background-color has-background\"\/>\n\n<div style=\"height:36px\" aria-hidden=\"true\" id=\"RECA\" class=\"wp-block-spacer\"><\/div>\n\n<h2 class=\"wp-block-heading has-body-copy-color has-text-color has-link-color wp-elements-92bc129c1960ff170ed7cf0a2f7c173a\" style=\"font-size:26px\">Va\u017ene informacije<\/h2>\n\n<h3 class=\"wp-block-heading has-pink-color has-text-color has-link-color wp-elements-d95b826f1486693b6a6065026bccacf6\"><em>RECA obavje\u0161tenje<\/em><\/h3>\n\n<p>\u017delimo da na\u0161i stanovnici znaju za nedavno obavje\u0161tenje u vezi sa <strong>Zakonom o naknadi za izlo\u017eenost zra\u010denju<\/strong> (RECA). Ovaj federalni program pru\u017ea naknadu osobama koje su mo\u017eda bile izlo\u017eene zra\u010denju tokom testiranja nuklearnog oru\u017eja ili rudarstva uranijuma. <\/p>\n\n<p>Neki od po\u0161tanskih brojeva na koje uti\u010de RECA uklju\u010duju podru\u010dja u kojima \u017eive na\u0161i stanovnici. Ako \u017eelite saznati vi\u0161e o RECA-i i vidjeti da li ispunjavate uslove za beneficije, mo\u017eete posjetiti stranicu s resursima RECA okruga St. Louis ovdje: <a href=\"https:\/\/stlouiscountymo.gov\/st-louis-county-government\/county-executive\/reca-saint-louis-county\/\" target=\"_blank\" rel=\"noreferrer noopener\">RECA &#8211; Okrug Saint Louis &#8211; Web stranica okruga St. Louis<\/a> . <\/p>\n\n<p>Pozivamo sve stanovnike koji smatraju da bi mogli biti pogo\u0111eni da pregledaju informacije navedene na gornjem linku.<\/p>\n\n<div style=\"height:36px\" aria-hidden=\"true\" class=\"wp-block-spacer\"><\/div>\n\n<hr class=\"wp-block-separator has-text-color has-body-copy-color has-alpha-channel-opacity has-body-copy-background-color has-background\"\/>\n\n<div style=\"height:36px\" aria-hidden=\"true\" id=\"maintenance\" class=\"wp-block-spacer\"><\/div>\n\n<h2 class=\"wp-block-heading has-body-copy-color has-text-color has-link-color wp-elements-242e3cbe26e92c71d742f45968a85c5a\" style=\"font-size:26px\">Odr\u017eavanje je va\u017eno<\/h2>\n\n<h3 class=\"wp-block-heading has-teal-color has-text-color has-link-color wp-elements-72e2a07755fa879b0cc33a50e4e2828e\"><em>A\u017euriranje o novim standardima inspekcije HUD-a (NSPIRE)<\/em><\/h3>\n\n<p>Novi standardi inspekcije vau\u010dera Ministarstva za stambena pitanja i urbani razvoj (HUD), nazvani NSPIRE, stupili su na snagu za Okru\u017eno stambeno odjeljenje (County Housing) 1. oktobra 2025. godine. Ovi a\u017eurirani zahtjevi za inspekciju osmi\u0161ljeni su kako bi se pobolj\u0161ala sigurnost i kvalitet iznajmljenih jedinica. <\/p>\n\n<p><strong>Korisni savjeti kako biste odr\u017eali svoj ure\u0111aj u skladu s propisima:<\/strong><\/p>\n\n<ul class=\"wp-block-list\">\n<li>Ne blokirajte izlazna vrata, uklju\u010duju\u0107i i zadnja vrata, u slu\u010daju nu\u017ede.<\/li>\n\n\n\n<li>Koristite tu\u0161 oblogu u kadi kako biste pod u kupatilu odr\u017eali suhim. Ostavite vrata kupatila otvorena ili napuknuta dok se tu\u0161irate kako biste pomogli u ventilaciji pare. Dr\u017eite ventilator uklju\u010den tokom tu\u0161iranja kako biste sprije\u010dili pojavu plijesni.  <\/li>\n\n\n\n<li>Odr\u017eavajte svoj stan \u010distim i urednim kako biste sprije\u010dili zarazu. Ako primijetite zarazu, odmah nas kontaktirajte. <\/li>\n<\/ul>\n\n<p>Slije\u0111enje ovih jednostavnih koraka pomo\u0107i \u0107e vam da va\u0161 dom bude siguran, \u010dist i udoban.<\/p>\n\n<p>Posve\u0107eni smo osiguravanju nesmetanog prelaska na NSPIRE. Obavje\u0161tavat \u0107emo vas o svim novim informacijama koje objavi HUD kako biste ta\u010dno znali \u0161ta mo\u017eete o\u010dekivati \u200b\u200btokom inspekcija. <\/p>\n\n<div style=\"height:36px\" aria-hidden=\"true\" class=\"wp-block-spacer\"><\/div>\n\n<hr class=\"wp-block-separator has-text-color has-body-copy-color has-alpha-channel-opacity has-body-copy-background-color has-background\"\/>\n\n<div style=\"height:36px\" aria-hidden=\"true\" id=\"updates\" class=\"wp-block-spacer\"><\/div>\n\n<h2 class=\"wp-block-heading has-body-copy-color has-text-color has-link-color wp-elements-1b4baada8051b899e81249a9fc25910e\" style=\"font-size:26px\">A\u017euriranja i najave<\/h2>\n\n<h3 class=\"wp-block-heading has-medium-dark-blue-color has-text-color has-link-color wp-elements-e07518f9b9c84e4544c2aca312a27b78\" id=\"occupancyAlign\"><em>Sastanci Upravnog odbora \u2013 Pozvani ste!<\/em><\/h3>\n\n<p>Svi sastanci Upravnog odbora su otvoreni za javnost i stanovnici se pozivaju da prisustvuju. Ovi sastanci su odli\u010dna prilika da direktno od na\u0161ih povjerenika i rukovode\u0107eg tima \u010dujete o va\u017enim novostima, predstoje\u0107im projektima i odlukama koje uti\u010du na na\u0161e zajednice. Va\u0161 glas je va\u017ean i voljeli bismo da vas vidimo tamo!  <\/p>\n\n<div style=\"height:20px\" aria-hidden=\"true\" class=\"wp-block-spacer\"><\/div>\n\n<p><strong>Raspored sastanaka Upravnog odbora Hillsdalea<\/strong><br\/> Okru\u017eno sjedi\u0161te za stambena pitanja<br\/> 8865 Natural Bridge Rd., St. Louis, MO 63121<\/p>\n\n<ul class=\"wp-block-list\">\n<li>4. novembra 2025. u 12:30 sati<\/li>\n<\/ul>\n\n<div style=\"height:20px\" aria-hidden=\"true\" class=\"wp-block-spacer\"><\/div>\n\n<p><strong>Raspored sastanaka odbora Pagedale<\/strong><br\/> Gradska vije\u0107nica Pagedalea<br\/> 1420 Ferguson Ave., St. Louis, MO 63133<\/p>\n\n<ul class=\"wp-block-list\">\n<li>14. oktobra 2025. u 12:00 sati<\/li>\n\n\n\n<li>9. decembra 2025. u 12:00 sati<\/li>\n<\/ul>\n\n<div style=\"height:20px\" aria-hidden=\"true\" class=\"wp-block-spacer\"><\/div>\n\n<p><strong>Raspored sastanaka Upravnog odbora Olivette<\/strong><br\/> Gradska vije\u0107nica Olivettea<br\/> 1140 Dielman Rd., Olivette, MO 63132<\/p>\n\n<ul class=\"wp-block-list\">\n<li>28. oktobra 2025. u 12:00 sati<\/li>\n<\/ul>\n\n<div style=\"height:20px\" aria-hidden=\"true\" class=\"wp-block-spacer\"><\/div>\n\n<p><strong>Raspored sastanaka \u017dupanijskog odbora<\/strong><br\/> Okru\u017eno sjedi\u0161te za stambena pitanja<br\/> 8865 Prirodni mostni put<br\/> St. Louis, MO 63121<\/p>\n\n<ul class=\"wp-block-list\">\n<li>18. novembra 2025. u 12:00 sati<\/li>\n<\/ul>\n\n<div style=\"height:20px\" aria-hidden=\"true\" class=\"wp-block-spacer\"><\/div>\n\n<div style=\"border:solid 2px #e56db1; padding:20px;\"><p><strong style=\"font-size:1.2em;\">Savjetodavni odbor stanara \u2013 Uklju\u010dite se!<br\/><\/strong>Tra\u017eimo stanovnike koji \u017eele pomo\u0107i u oblikovanju budu\u0107nosti \u017eupanijskog stanovanja. Ako ste zainteresirani za pridru\u017eivanje Savjetodavnom odboru stanara, po\u0161aljite nam e-mail na <a href=\"mailto:engagement@countyhousing.org?subject=I'm%20interested%20in%20the%20Resident%20Advisory%20Board\">engagement@countyhousing.org<\/a> ili nazovite svoju kancelariju za nekretnine. <\/p><\/div>\n\n<div style=\"height:20px\" aria-hidden=\"true\" id=\"closures\" class=\"wp-block-spacer\"><\/div>\n\n<h3 class=\"wp-block-heading has-medium-green-color has-text-color has-link-color wp-elements-4965dc7a0447738f2e15a3a690dc55f7\"><em>Zatvaranje ureda za stanovanje okruga tokom praznika 2025.<\/em><\/h3>\n\n<p>Molimo vas da imate na umu da \u0107e Okru\u017eni stambeni odjel biti zatvoren za sljede\u0107e praznike u 2025. godini:<\/p>\n\n<ul class=\"wp-block-list\">\n<li>Dan veterana \u2013 utorak, 11. novembar<\/li>\n\n\n\n<li>Dan zahvalnosti \u2013 \u010detvrtak, 27. novembar<\/li>\n\n\n\n<li>Dan nakon Dana zahvalnosti \u2013 petak, 28. novembar<\/li>\n<\/ul>\n\n<p>Osim toga, Okru\u017eni stambeni odjel bit \u0107e zatvoren za prazni\u010dnu sezonu od <strong>\u010detvrtka,<\/strong> <strong>25. decembra 2025. godine, do \u010detvrtka, 1. januara 2026. godine<\/strong> , a ponovo \u0107e se otvoriti u petak, 2. januara 2026. godine.<\/p>\n\n<p>Molimo vas da planirate u skladu s tim i nadamo se da \u0107ete u\u017eivati \u200b\u200bu svom odmoru!<\/p>\n\n<div style=\"height:100px\" aria-hidden=\"true\" class=\"wp-block-spacer\"><\/div>\n","protected":false},"excerpt":{"rendered":"<p>Bilten za stanare javnog stanovanja za oktobar 2025.<\/p>\n","protected":false},"author":1,"featured_media":2716,"comment_status":"closed","ping_status":"closed","sticky":false,"template":"","format":"standard","meta":{"_acf_changed":false,"footnotes":"","_classifai_error":"","_classifai_text_to_speech_error":"","_classifai_text_to_speech_scheduled":false},"categories":[110],"tags":[],"class_list":["post-3649","post","type-post","status-publish","format-standard","has-post-thumbnail","hentry","category-uncategorized-bs"],"acf":[],"yoast_head":"<!-- This site is optimized with the Yoast SEO plugin v27.5 - https:\/\/yoast.com\/product\/yoast-seo-wordpress\/ -->\n<title>Veza stanara - County Housing<\/title>\n<meta name=\"description\" content=\"Bilten za stanare javnog stanovanja za oktobar 2025.\" \/>\n<meta name=\"robots\" content=\"index, follow, max-snippet:-1, max-image-preview:large, max-video-preview:-1\" \/>\n<link rel=\"canonical\" href=\"https:\/\/countyhousing.org\/bs\/veza-stanara-7\/\" \/>\n<meta property=\"og:locale\" content=\"bs_BA\" \/>\n<meta property=\"og:type\" content=\"article\" \/>\n<meta property=\"og:title\" content=\"Bilten stanara o vau\u010derima za izbor stanovanja za oktobar 2025.\" \/>\n<meta property=\"og:description\" content=\"Bilten za stanare javnog stanovanja za oktobar 2025.\" \/>\n<meta property=\"og:url\" content=\"https:\/\/countyhousing.org\/bs\/veza-stanara-7\/\" \/>\n<meta property=\"og:site_name\" content=\"County Housing\" \/>\n<meta property=\"article:published_time\" content=\"2025-10-07T19:54:43+00:00\" \/>\n<meta property=\"article:modified_time\" content=\"2025-12-04T21:15:41+00:00\" \/>\n<meta property=\"og:image\" content=\"https:\/\/countyhousing.org\/wp-content\/uploads\/2024\/10\/CH-hdr.jpg\" \/>\n\t<meta property=\"og:image:width\" content=\"1200\" \/>\n\t<meta property=\"og:image:height\" content=\"630\" \/>\n\t<meta property=\"og:image:type\" content=\"image\/jpeg\" \/>\n<meta name=\"author\" content=\"countyhousistg\" \/>\n<meta name=\"twitter:card\" content=\"summary_large_image\" \/>\n<meta name=\"twitter:title\" content=\"Bilten stanara o vau\u010derima za izbor stanovanja za oktobar 2025.\" \/>\n<meta name=\"twitter:label1\" content=\"Written by\" \/>\n\t<meta name=\"twitter:data1\" content=\"countyhousistg\" \/>\n\t<meta name=\"twitter:label2\" content=\"Est. reading time\" \/>\n\t<meta name=\"twitter:data2\" content=\"8 minuta\" \/>\n<script type=\"application\/ld+json\" class=\"yoast-schema-graph\">{\"@context\":\"https:\\\/\\\/schema.org\",\"@graph\":[{\"@type\":\"Article\",\"@id\":\"https:\\\/\\\/countyhousing.org\\\/bs\\\/veza-stanara-7\\\/#article\",\"isPartOf\":{\"@id\":\"https:\\\/\\\/countyhousing.org\\\/bs\\\/veza-stanara-7\\\/\"},\"author\":{\"name\":\"countyhousistg\",\"@id\":\"https:\\\/\\\/countyhousing.org\\\/bs\\\/#\\\/schema\\\/person\\\/329b4bf92d32839b09b9823303d7250e\"},\"headline\":\"Veza stanara\",\"datePublished\":\"2025-10-07T19:54:43+00:00\",\"dateModified\":\"2025-12-04T21:15:41+00:00\",\"mainEntityOfPage\":{\"@id\":\"https:\\\/\\\/countyhousing.org\\\/bs\\\/veza-stanara-7\\\/\"},\"wordCount\":1589,\"publisher\":{\"@id\":\"https:\\\/\\\/countyhousing.org\\\/bs\\\/#organization\"},\"image\":{\"@id\":\"https:\\\/\\\/countyhousing.org\\\/bs\\\/veza-stanara-7\\\/#primaryimage\"},\"thumbnailUrl\":\"https:\\\/\\\/countyhousing.org\\\/wp-content\\\/uploads\\\/2024\\\/10\\\/CH-hdr.jpg\",\"articleSection\":[\"Uncategorized @bs\"],\"inLanguage\":\"bs-BA\"},{\"@type\":\"WebPage\",\"@id\":\"https:\\\/\\\/countyhousing.org\\\/bs\\\/veza-stanara-7\\\/\",\"url\":\"https:\\\/\\\/countyhousing.org\\\/bs\\\/veza-stanara-7\\\/\",\"name\":\"Veza stanara - County Housing\",\"isPartOf\":{\"@id\":\"https:\\\/\\\/countyhousing.org\\\/bs\\\/#website\"},\"primaryImageOfPage\":{\"@id\":\"https:\\\/\\\/countyhousing.org\\\/bs\\\/veza-stanara-7\\\/#primaryimage\"},\"image\":{\"@id\":\"https:\\\/\\\/countyhousing.org\\\/bs\\\/veza-stanara-7\\\/#primaryimage\"},\"thumbnailUrl\":\"https:\\\/\\\/countyhousing.org\\\/wp-content\\\/uploads\\\/2024\\\/10\\\/CH-hdr.jpg\",\"datePublished\":\"2025-10-07T19:54:43+00:00\",\"dateModified\":\"2025-12-04T21:15:41+00:00\",\"description\":\"Bilten za stanare javnog stanovanja za oktobar 2025.\",\"breadcrumb\":{\"@id\":\"https:\\\/\\\/countyhousing.org\\\/bs\\\/veza-stanara-7\\\/#breadcrumb\"},\"inLanguage\":\"bs-BA\",\"potentialAction\":[{\"@type\":\"ReadAction\",\"target\":[\"https:\\\/\\\/countyhousing.org\\\/bs\\\/veza-stanara-7\\\/\"]}]},{\"@type\":\"ImageObject\",\"inLanguage\":\"bs-BA\",\"@id\":\"https:\\\/\\\/countyhousing.org\\\/bs\\\/veza-stanara-7\\\/#primaryimage\",\"url\":\"https:\\\/\\\/countyhousing.org\\\/wp-content\\\/uploads\\\/2024\\\/10\\\/CH-hdr.jpg\",\"contentUrl\":\"https:\\\/\\\/countyhousing.org\\\/wp-content\\\/uploads\\\/2024\\\/10\\\/CH-hdr.jpg\",\"width\":1200,\"height\":630},{\"@type\":\"BreadcrumbList\",\"@id\":\"https:\\\/\\\/countyhousing.org\\\/bs\\\/veza-stanara-7\\\/#breadcrumb\",\"itemListElement\":[{\"@type\":\"ListItem\",\"position\":1,\"name\":\"Home\",\"item\":\"https:\\\/\\\/countyhousing.org\\\/bs\\\/pocetna-stranica\\\/\"},{\"@type\":\"ListItem\",\"position\":2,\"name\":\"Veza stanara\"}]},{\"@type\":\"WebSite\",\"@id\":\"https:\\\/\\\/countyhousing.org\\\/bs\\\/#website\",\"url\":\"https:\\\/\\\/countyhousing.org\\\/bs\\\/\",\"name\":\"County Housing\",\"description\":\"The Housing Authority of St. Louis County\",\"publisher\":{\"@id\":\"https:\\\/\\\/countyhousing.org\\\/bs\\\/#organization\"},\"potentialAction\":[{\"@type\":\"SearchAction\",\"target\":{\"@type\":\"EntryPoint\",\"urlTemplate\":\"https:\\\/\\\/countyhousing.org\\\/bs\\\/?s={search_term_string}\"},\"query-input\":{\"@type\":\"PropertyValueSpecification\",\"valueRequired\":true,\"valueName\":\"search_term_string\"}}],\"inLanguage\":\"bs-BA\"},{\"@type\":\"Organization\",\"@id\":\"https:\\\/\\\/countyhousing.org\\\/bs\\\/#organization\",\"name\":\"County Housing\",\"url\":\"https:\\\/\\\/countyhousing.org\\\/bs\\\/\",\"logo\":{\"@type\":\"ImageObject\",\"inLanguage\":\"bs-BA\",\"@id\":\"https:\\\/\\\/countyhousing.org\\\/bs\\\/#\\\/schema\\\/logo\\\/image\\\/\",\"url\":\"https:\\\/\\\/countyhousing.org\\\/wp-content\\\/uploads\\\/2023\\\/12\\\/CH_Logo_Horizontal_Web_03-1.png\",\"contentUrl\":\"https:\\\/\\\/countyhousing.org\\\/wp-content\\\/uploads\\\/2023\\\/12\\\/CH_Logo_Horizontal_Web_03-1.png\",\"width\":279,\"height\":100,\"caption\":\"County Housing\"},\"image\":{\"@id\":\"https:\\\/\\\/countyhousing.org\\\/bs\\\/#\\\/schema\\\/logo\\\/image\\\/\"}},{\"@type\":\"Person\",\"@id\":\"https:\\\/\\\/countyhousing.org\\\/bs\\\/#\\\/schema\\\/person\\\/329b4bf92d32839b09b9823303d7250e\",\"name\":\"countyhousistg\",\"image\":{\"@type\":\"ImageObject\",\"inLanguage\":\"bs-BA\",\"@id\":\"https:\\\/\\\/secure.gravatar.com\\\/avatar\\\/9d36136dff7fb82b2d9d8f2dc13380a1856275c95488f878ed837557a1a942d0?s=96&d=mm&r=g\",\"url\":\"https:\\\/\\\/secure.gravatar.com\\\/avatar\\\/9d36136dff7fb82b2d9d8f2dc13380a1856275c95488f878ed837557a1a942d0?s=96&d=mm&r=g\",\"contentUrl\":\"https:\\\/\\\/secure.gravatar.com\\\/avatar\\\/9d36136dff7fb82b2d9d8f2dc13380a1856275c95488f878ed837557a1a942d0?s=96&d=mm&r=g\",\"caption\":\"countyhousistg\"},\"sameAs\":[\"https:\\\/\\\/countyhousing.org\"],\"url\":\"https:\\\/\\\/countyhousing.org\\\/bs\\\/author\\\/countyhousistg\\\/\"}]}<\/script>\n<!-- \/ Yoast SEO plugin. -->","yoast_head_json":{"title":"Veza stanara - County Housing","description":"Bilten za stanare javnog stanovanja za oktobar 2025.","robots":{"index":"index","follow":"follow","max-snippet":"max-snippet:-1","max-image-preview":"max-image-preview:large","max-video-preview":"max-video-preview:-1"},"canonical":"https:\/\/countyhousing.org\/bs\/veza-stanara-7\/","og_locale":"bs_BA","og_type":"article","og_title":"Bilten stanara o vau\u010derima za izbor stanovanja za oktobar 2025.","og_description":"Bilten za stanare javnog stanovanja za oktobar 2025.","og_url":"https:\/\/countyhousing.org\/bs\/veza-stanara-7\/","og_site_name":"County Housing","article_published_time":"2025-10-07T19:54:43+00:00","article_modified_time":"2025-12-04T21:15:41+00:00","og_image":[{"width":1200,"height":630,"url":"https:\/\/countyhousing.org\/wp-content\/uploads\/2024\/10\/CH-hdr.jpg","type":"image\/jpeg"}],"author":"countyhousistg","twitter_card":"summary_large_image","twitter_title":"Bilten stanara o vau\u010derima za izbor stanovanja za oktobar 2025.","twitter_misc":{"Written by":"countyhousistg","Est. reading time":"8 minuta"},"schema":{"@context":"https:\/\/schema.org","@graph":[{"@type":"Article","@id":"https:\/\/countyhousing.org\/bs\/veza-stanara-7\/#article","isPartOf":{"@id":"https:\/\/countyhousing.org\/bs\/veza-stanara-7\/"},"author":{"name":"countyhousistg","@id":"https:\/\/countyhousing.org\/bs\/#\/schema\/person\/329b4bf92d32839b09b9823303d7250e"},"headline":"Veza stanara","datePublished":"2025-10-07T19:54:43+00:00","dateModified":"2025-12-04T21:15:41+00:00","mainEntityOfPage":{"@id":"https:\/\/countyhousing.org\/bs\/veza-stanara-7\/"},"wordCount":1589,"publisher":{"@id":"https:\/\/countyhousing.org\/bs\/#organization"},"image":{"@id":"https:\/\/countyhousing.org\/bs\/veza-stanara-7\/#primaryimage"},"thumbnailUrl":"https:\/\/countyhousing.org\/wp-content\/uploads\/2024\/10\/CH-hdr.jpg","articleSection":["Uncategorized @bs"],"inLanguage":"bs-BA"},{"@type":"WebPage","@id":"https:\/\/countyhousing.org\/bs\/veza-stanara-7\/","url":"https:\/\/countyhousing.org\/bs\/veza-stanara-7\/","name":"Veza stanara - County Housing","isPartOf":{"@id":"https:\/\/countyhousing.org\/bs\/#website"},"primaryImageOfPage":{"@id":"https:\/\/countyhousing.org\/bs\/veza-stanara-7\/#primaryimage"},"image":{"@id":"https:\/\/countyhousing.org\/bs\/veza-stanara-7\/#primaryimage"},"thumbnailUrl":"https:\/\/countyhousing.org\/wp-content\/uploads\/2024\/10\/CH-hdr.jpg","datePublished":"2025-10-07T19:54:43+00:00","dateModified":"2025-12-04T21:15:41+00:00","description":"Bilten za stanare javnog stanovanja za oktobar 2025.","breadcrumb":{"@id":"https:\/\/countyhousing.org\/bs\/veza-stanara-7\/#breadcrumb"},"inLanguage":"bs-BA","potentialAction":[{"@type":"ReadAction","target":["https:\/\/countyhousing.org\/bs\/veza-stanara-7\/"]}]},{"@type":"ImageObject","inLanguage":"bs-BA","@id":"https:\/\/countyhousing.org\/bs\/veza-stanara-7\/#primaryimage","url":"https:\/\/countyhousing.org\/wp-content\/uploads\/2024\/10\/CH-hdr.jpg","contentUrl":"https:\/\/countyhousing.org\/wp-content\/uploads\/2024\/10\/CH-hdr.jpg","width":1200,"height":630},{"@type":"BreadcrumbList","@id":"https:\/\/countyhousing.org\/bs\/veza-stanara-7\/#breadcrumb","itemListElement":[{"@type":"ListItem","position":1,"name":"Home","item":"https:\/\/countyhousing.org\/bs\/pocetna-stranica\/"},{"@type":"ListItem","position":2,"name":"Veza stanara"}]},{"@type":"WebSite","@id":"https:\/\/countyhousing.org\/bs\/#website","url":"https:\/\/countyhousing.org\/bs\/","name":"County Housing","description":"The Housing Authority of St. Louis County","publisher":{"@id":"https:\/\/countyhousing.org\/bs\/#organization"},"potentialAction":[{"@type":"SearchAction","target":{"@type":"EntryPoint","urlTemplate":"https:\/\/countyhousing.org\/bs\/?s={search_term_string}"},"query-input":{"@type":"PropertyValueSpecification","valueRequired":true,"valueName":"search_term_string"}}],"inLanguage":"bs-BA"},{"@type":"Organization","@id":"https:\/\/countyhousing.org\/bs\/#organization","name":"County Housing","url":"https:\/\/countyhousing.org\/bs\/","logo":{"@type":"ImageObject","inLanguage":"bs-BA","@id":"https:\/\/countyhousing.org\/bs\/#\/schema\/logo\/image\/","url":"https:\/\/countyhousing.org\/wp-content\/uploads\/2023\/12\/CH_Logo_Horizontal_Web_03-1.png","contentUrl":"https:\/\/countyhousing.org\/wp-content\/uploads\/2023\/12\/CH_Logo_Horizontal_Web_03-1.png","width":279,"height":100,"caption":"County Housing"},"image":{"@id":"https:\/\/countyhousing.org\/bs\/#\/schema\/logo\/image\/"}},{"@type":"Person","@id":"https:\/\/countyhousing.org\/bs\/#\/schema\/person\/329b4bf92d32839b09b9823303d7250e","name":"countyhousistg","image":{"@type":"ImageObject","inLanguage":"bs-BA","@id":"https:\/\/secure.gravatar.com\/avatar\/9d36136dff7fb82b2d9d8f2dc13380a1856275c95488f878ed837557a1a942d0?s=96&d=mm&r=g","url":"https:\/\/secure.gravatar.com\/avatar\/9d36136dff7fb82b2d9d8f2dc13380a1856275c95488f878ed837557a1a942d0?s=96&d=mm&r=g","contentUrl":"https:\/\/secure.gravatar.com\/avatar\/9d36136dff7fb82b2d9d8f2dc13380a1856275c95488f878ed837557a1a942d0?s=96&d=mm&r=g","caption":"countyhousistg"},"sameAs":["https:\/\/countyhousing.org"],"url":"https:\/\/countyhousing.org\/bs\/author\/countyhousistg\/"}]}},"_links":{"self":[{"href":"https:\/\/countyhousing.org\/bs\/wp-json\/wp\/v2\/posts\/3649","targetHints":{"allow":["GET"]}}],"collection":[{"href":"https:\/\/countyhousing.org\/bs\/wp-json\/wp\/v2\/posts"}],"about":[{"href":"https:\/\/countyhousing.org\/bs\/wp-json\/wp\/v2\/types\/post"}],"author":[{"embeddable":true,"href":"https:\/\/countyhousing.org\/bs\/wp-json\/wp\/v2\/users\/1"}],"replies":[{"embeddable":true,"href":"https:\/\/countyhousing.org\/bs\/wp-json\/wp\/v2\/comments?post=3649"}],"version-history":[{"count":0,"href":"https:\/\/countyhousing.org\/bs\/wp-json\/wp\/v2\/posts\/3649\/revisions"}],"wp:featuredmedia":[{"embeddable":true,"href":"https:\/\/countyhousing.org\/bs\/wp-json\/wp\/v2\/media\/2716"}],"wp:attachment":[{"href":"https:\/\/countyhousing.org\/bs\/wp-json\/wp\/v2\/media?parent=3649"}],"wp:term":[{"taxonomy":"category","embeddable":true,"href":"https:\/\/countyhousing.org\/bs\/wp-json\/wp\/v2\/categories?post=3649"},{"taxonomy":"post_tag","embeddable":true,"href":"https:\/\/countyhousing.org\/bs\/wp-json\/wp\/v2\/tags?post=3649"}],"curies":[{"name":"wp","href":"https:\/\/api.w.org\/{rel}","templated":true}]}}