{"id":3359,"date":"2025-06-16T13:34:00","date_gmt":"2025-06-16T18:34:00","guid":{"rendered":"https:\/\/countyhousing.org\/veza-stanara-5\/"},"modified":"2025-06-16T13:50:33","modified_gmt":"2025-06-16T18:50:33","slug":"veza-stanara-5","status":"publish","type":"post","link":"https:\/\/countyhousing.org\/bs\/veza-stanara-5\/","title":{"rendered":"Veza stanara"},"content":{"rendered":"\n<h2 class=\"wp-block-heading has-x-large-font-size\">Bilten za stanovnike javnog stanovanja za juni 2025.<\/h2>\n\n<h3 class=\"wp-block-heading has-medium-green-color has-text-color has-link-color wp-elements-4029dd77a691a26817d6d9ee44252094\" style=\"font-size:26px\">Sadr\u017eaj:<\/h3>\n\n<ul class=\"wp-block-list\">\n<li><a href=\"#CEOmessage\">Poruka generalnog direktora<\/a> \u2013 <em>Slu\u0161anje i vo\u0111enje<\/em><\/li>\n\n\n\n<li><a href=\"#featureStory\">Glavna pri\u010da<\/a> \u2013 <em>Ostanite sigurni kod ku\u0107e: Novosti za na\u0161u zajednicu<\/em><\/li>\n\n\n\n<li><a href=\"#safeandsound\">Sigurno i zdravo<\/a> \u2013 <em>Ostanite hladni, ostanite sigurni!<\/em><\/li>\n\n\n\n<li><a href=\"#communityConnect\">Povezivanje zajednice<\/a><\/li>\n\n\n\n<li><a href=\"#maintenance\">Odr\u017eavanje je va\u017eno<\/a><\/li>\n\n\n\n<li><p><a href=\"#updates\">A\u017euriranja i najave<\/a> <span style=\"color: initial; font-family: -apple-system, BlinkMacSystemFont, \" segoe=\"\" ui=\"\" roboto=\"\" oxygen-sans=\"\" ubuntu=\"\" cantarell=\"\" neue=\"\" sans-serif=\"\">\u2013<\/span> <em style=\"color: initial; font-family: -apple-system, BlinkMacSystemFont, \" segoe=\"\" ui=\"\" roboto=\"\" oxygen-sans=\"\" ubuntu=\"\" cantarell=\"\" neue=\"\" sans-serif=\"\">Najbolje kori\u0161tenje stambenog prostora: Razumijevanje uskla\u0111ivanja zauzetosti<\/em><\/p><\/li>\n<\/ul>\n\n<div style=\"height:20px\" aria-hidden=\"true\" class=\"wp-block-spacer\"><\/div>\n\n<hr class=\"wp-block-separator has-text-color has-body-copy-color has-alpha-channel-opacity has-body-copy-background-color has-background\"\/>\n\n<div style=\"height:20px\" aria-hidden=\"true\" class=\"wp-block-spacer\"><\/div>\n\n<h3 class=\"wp-block-heading has-body-copy-color has-text-color has-link-color wp-elements-2a360b6738f6b6114b025159d3fd34ac\" id=\"CEOmessage\" style=\"font-size:26px\">Poruka generalnog direktora<\/h3>\n\n<h3 class=\"wp-block-heading has-pink-color has-text-color has-link-color wp-elements-9528461f04f035201053020cd32f9340\"><em>Slu\u0161anje i vo\u0111enje<\/em><\/h3>\n\n<p>Po\u0161tovani stanovnici,<\/p>\n\n<p>U County Housingu vjerujemo da svako zaslu\u017euje sigurno i stabilno mjesto koje mo\u017ee nazvati domom. Zato se ovog mjeseca fokusiramo na sigurnost &#8211; ne samo kao koncept, ve\u0107 kao obavezu koju \u017eivimo u svakoj interakciji, svakom a\u017euriranju i svakoj investiciji koju ula\u017eemo u na\u0161e zajednice. <\/p>\n\n<p>Od dolaska na\u0161ih jasno ozna\u010denih vozila u voznom parku do uvo\u0111enja uniformi za osoblje, poduzimamo vidljive korake kako bismo osigurali da znate ko radi u va\u0161em susjedstvu i koja je njihova uloga u podr\u0161ci na\u0161im zajednicama. Tako\u0111er smo napravili va\u017ena a\u017euriranja na\u0161ih politika, uklju\u010duju\u0107i na\u0161u novu Politiku o vatrenom oru\u017eju, koja je osmi\u0161ljena da promovira sigurnost svih u na\u0161im zajednicama. <\/p>\n\n<p>Ove promjene su samo dio na\u0161ih stalnih napora da saslu\u0161amo va\u0161e brige i vodimo vas transparentno i pa\u017eljivo. Gradimo kulturu odgovornosti, gdje va\u0161 glas oblikuje put naprijed. <\/p>\n\n<p>Hvala vam \u0161to ste dio Stambene zajednice okruga. Va\u0161e partnerstvo poma\u017ee da na\u0161a naselja budu ja\u010da, sigurnija i povezanija. <\/p>\n\n<p>Srda\u010dno,<\/p>\n\n<p><strong>Shannon Koenig<\/strong><br\/> Izvr\u0161ni direktor i generalni direktor<br\/> Stambeno zbrinjavanje u okrugu<\/p>\n\n<div style=\"height:36px\" aria-hidden=\"true\" class=\"wp-block-spacer\"><\/div>\n\n<hr class=\"wp-block-separator has-text-color has-body-copy-color has-alpha-channel-opacity has-body-copy-background-color has-background\"\/>\n\n<div style=\"height:20px\" aria-hidden=\"true\" class=\"wp-block-spacer\"><\/div>\n\n<h3 class=\"wp-block-heading has-body-copy-color has-text-color has-link-color wp-elements-afedf6bff1d8d12cdb3b1cd9ca63781f\" id=\"featureStory\" style=\"font-size:26px\">Glavna pri\u010da<\/h3>\n\n<h3 class=\"wp-block-heading has-teal-color has-text-color has-link-color wp-elements-9f84e59cac69455095a087e638368844\"><em><em><em>Ostanite sigurni kod ku\u0107e: novosti za na\u0161u zajednicu<\/em><\/em><\/em><\/h3>\n\n<p>U County Housingu, va\u0161a sigurnost nam je glavni prioritet. Ovog mjeseca isti\u010demo nekoliko va\u017enih a\u017euriranja osmi\u0161ljenih da podr\u017ee sigurno, po\u0161tovano i bezbjedno \u017eivotno okru\u017eenje za sve. <\/p>\n\n<div style=\"height:20px\" aria-hidden=\"true\" id=\"fleet\" class=\"wp-block-spacer\"><\/div>\n\n<figure class=\"wp-block-image size-large\"><img fetchpriority=\"high\" decoding=\"async\" width=\"1024\" height=\"414\" src=\"https:\/\/countyhousing.org\/wp-content\/uploads\/2025\/06\/CH-fleet-1024x414.jpg\" alt=\"\" class=\"wp-image-3354\" srcset=\"https:\/\/countyhousing.org\/wp-content\/uploads\/2025\/06\/CH-fleet-1024x414.jpg 1024w, https:\/\/countyhousing.org\/wp-content\/uploads\/2025\/06\/CH-fleet-300x121.jpg 300w, https:\/\/countyhousing.org\/wp-content\/uploads\/2025\/06\/CH-fleet-768x310.jpg 768w, https:\/\/countyhousing.org\/wp-content\/uploads\/2025\/06\/CH-fleet.jpg 1200w\" sizes=\"(max-width: 1024px) 100vw, 1024px\" \/><\/figure>\n\n<h3 class=\"wp-block-heading has-medium-dark-blue-color has-text-color has-link-color wp-elements-9fc545d703dd31d72119ca070d709f19\" style=\"font-size:26px\"><em>Dolazak flote: \u0160ta o\u010dekivati<\/em><\/h3>\n\n<p>Mo\u017eda \u0107ete primijetiti nova vozila \u017dupanijske stambene slu\u017ebe u va\u0161em susjedstvu! Ova ozna\u010dena vozila dio su na\u0161e a\u017eurirane flote, poma\u017eu\u0107i na\u0161em osoblju da efikasnije i sigurnije odgovori na potrebe odr\u017eavanja i inspekcije. <\/p>\n\n<p><strong>Na \u0161ta treba paziti:<\/strong><\/p>\n\n<ul>\n  <li>Jasno ozna\u010deni logotipi \u017eupanijskog stambenog fonda<\/li>\n  <li>Uniformisani \u010dlanovi tima (pogledajte vi\u0161e u nastavku!)<\/li>\n  <li>Ljubazno, profesionalno osoblje spremno pomo\u0107i<\/li>\n<\/ul>\n\n<p><strong>Prona\u0111ite na\u0161 tim u uniformama<\/strong><\/p>\n\n<p>Svi zaposleni u odr\u017eavanju i inspekciji stambenog prostora okruga sada \u0107e nositi slu\u017ebene uniforme. Ovo vam osigurava da ta\u010dno znate ko ulazi u va\u0161 posjed i dodaje jo\u0161 jedan sloj sigurnosti i povjerenja. <\/p>\n\n<figure class=\"wp-block-image size-large\"><img decoding=\"async\" width=\"1024\" height=\"354\" data-src=\"https:\/\/countyhousing.org\/wp-content\/uploads\/2025\/06\/CH-staff-uniforms-1024x354.jpg\" alt=\"\" class=\"wp-image-3351 lazyload\" data-srcset=\"https:\/\/countyhousing.org\/wp-content\/uploads\/2025\/06\/CH-staff-uniforms-1024x354.jpg 1024w, https:\/\/countyhousing.org\/wp-content\/uploads\/2025\/06\/CH-staff-uniforms-300x104.jpg 300w, https:\/\/countyhousing.org\/wp-content\/uploads\/2025\/06\/CH-staff-uniforms-768x266.jpg 768w, https:\/\/countyhousing.org\/wp-content\/uploads\/2025\/06\/CH-staff-uniforms.jpg 1200w\" data-sizes=\"(max-width: 1024px) 100vw, 1024px\" src=\"data:image\/svg+xml;base64,PHN2ZyB3aWR0aD0iMSIgaGVpZ2h0PSIxIiB4bWxucz0iaHR0cDovL3d3dy53My5vcmcvMjAwMC9zdmciPjwvc3ZnPg==\" style=\"--smush-placeholder-width: 1024px; --smush-placeholder-aspect-ratio: 1024\/354;\" \/><\/figure>\n\n<p><strong>Na\u0161e uniforme uklju\u010duju:<\/strong><\/p>\n\n<ul class=\"wp-block-list\">\n<li>Majice s brendom County Housing<\/li>\n\n\n\n<li><span style=\"color: initial; font-family: -apple-system, BlinkMacSystemFont, \" segoe=\"\" ui=\"\" roboto=\"\" oxygen-sans=\"\" ubuntu=\"\" cantarell=\"\" neue=\"\" sans-serif=\"\">Vidljive identifikacijske zna\u010dke<\/span><\/li>\n\n\n\n<li>Profesionalan i pristupa\u010dan izgled<\/li>\n<\/ul>\n\n<p><em>Ako neko posjeti va\u0161 dom tvrde\u0107i da je iz \u017dupanijskog stambenog odjela, a nije u uniformi ili nema li\u010dnu kartu, nemojte ga pu\u0161tati unutra i odmah nas pozovite.<\/em><\/p>\n\n<div style=\"height:20px\" aria-hidden=\"true\" id=\"ACOP\" class=\"wp-block-spacer\"><\/div>\n\n<h3 class=\"wp-block-heading has-medium-green-color has-text-color has-link-color wp-elements-db9cd64d333e3e05a9288a62986d4fd6\" style=\"font-size:26px\"><em>A\u017euriranje Pravila o prijemu i nastavku boravka (ACOP)<\/em><\/h3>\n\n<p>Pro\u0161le godine, Okru\u017eni odbor komesara za stanovanje odobrio je a\u017euriranja Politika prijema i kontinuiranog boravka (ACOP). Stanovnici mogu <a href=\"\/acop\" target=\"_blank\" rel=\"noreferrer noopener\">pogledati a\u017eurirani dokument u bilo kojem trenutku na ovom linku<\/a> . <\/p>\n\n<div style=\"height:10px\" aria-hidden=\"true\" class=\"wp-block-spacer\"><\/div>\n\n<p><strong>Pravila o vatrenom oru\u017eju i drugim oru\u017ejem<\/strong><\/p>\n\n<p>Kao dio na\u0161ih kontinuiranih napora da odr\u017eimo sigurnost na\u0161ih zajednica, a\u017eurirali smo ACOP kako bismo uklju\u010dili novu Politiku o vatrenom oru\u017eju.<\/p>\n\n<p>Ova politika jasno navodi zabranjene predmete i o\u010dekivanja kako bi se osiguralo da se svako doma\u0107instvo osje\u0107a sigurno. <a href=\"https:\/\/countyhousing.org\/bs\/nova-politika-o-vatrenom-oruzju-i-drugim-naoruzanju\/\" target=\"_blank\" rel=\"noreferrer noopener\">Detalji su dostupni ovdje<\/a> .<\/p>\n\n<div style=\"height:20px\" aria-hidden=\"true\" id=\"maintIQ\" class=\"wp-block-spacer\"><\/div>\n\n<h3 class=\"wp-block-heading has-pink-color has-text-color has-link-color wp-elements-c1aa30ef3c224276f5f1e926690efff8\" style=\"font-size:26px\"><em>Uskoro: Maintenance IQ \u2013<\/em> <em>Pametnija i sigurnija usluga za na\u0161e zajednice<\/em><\/h3>\n\n<p>U County Housingu, sigurnost na\u0161ih stanara i osoblja je uvijek glavni prioritet. Zato s uzbu\u0111enjem najavljujemo predstoje\u0107e pokretanje <strong>Maintenance IQ-a<\/strong> , novog digitalnog alata koji \u0107e modernizirati na\u010din na koji upravljamo i pratimo inspekcije domova i radne naloge za odr\u017eavanje. Ova platforma je dizajnirana da proces u\u010dini efikasnijim, transparentnijim i, \u0161to je najva\u017enije, sigurnijim.  <\/p>\n\n<p>Uskoro pokrenut u na\u0161im zajednicama, <strong>Maintenance IQ<\/strong> \u0107e pomo\u0107i u pojednostavljenju komunikacije i pobolj\u0161anju koordinacije. Dopunit \u0107e druge sigurnosne mjere koje uvodimo, kao \u0161to su jasno ozna\u010dena vozila voznog parka, uniforme osoblja za laku identifikaciju i a\u017eurirane politike koje promoviraju sigurna i dobro odr\u017eavana \u017eivotna okru\u017eenja. <\/p>\n\n<div style=\"height:15px\" aria-hidden=\"true\" class=\"wp-block-spacer\"><\/div>\n\n<p><strong>Nakon implementacije, Maintenance IQ \u0107e obezbijediti:<\/strong><\/p>\n\n<ul class=\"wp-block-list\">\n<li><p><strong>Br\u017ee vrijeme odziva<\/strong> \u2013 Radni nalozi \u0107e se br\u017ee evidentirati i usmjeravati, \u0161to zna\u010di da se problemi mogu br\u017ee rje\u0161avati.<\/p><\/li>\n\n\n\n<li><p><strong>Bolje raspore\u0111ivanje<\/strong> \u2013 Timovi za odr\u017eavanje mo\u0107i \u0107e bolje prioritizirati i planirati servisne pozive, smanjuju\u0107i ka\u0161njenja i minimiziraju\u0107i poreme\u0107aje<\/p><\/li>\n\n\n\n<li><p><strong>Obavje\u0161tenja putem tekstualnih poruka u realnom vremenu<\/strong> \u2013 Stanari \u0107e primati obavje\u0161tenja o inspekcijama i zahtjevima za odr\u017eavanje<\/p><\/li>\n\n\n\n<li><p><strong>Ve\u0107a transparentnost<\/strong> \u2013 Uvijek \u0107ete znati \u0161ta se de\u0161ava i kada, \u0161to \u0107e vam izgraditi povjerenje u proces inspekcije i odr\u017eavanja.<\/p><\/li>\n<\/ul>\n\n<p><strong>Maintenance IQ<\/strong> je dio na\u0161e stalne posve\u0107enosti kori\u0161tenju pametnih rje\u0161enja usmjerenih na stanovnike kako bismo pobolj\u0161ali pru\u017eanje usluga, komunikaciju i sigurnost u cijelom \u017eupanijskom stambenom kompleksu.<\/p>\n\n<div style=\"height:20px\" aria-hidden=\"true\" class=\"wp-block-spacer\"><\/div>\n\n<h3 class=\"wp-block-heading has-teal-color has-text-color has-link-color wp-elements-12702905718cf32f23302c6db52836e3\" style=\"font-size:26px\"><em>Pravila o vatrenom oru\u017eju i drugim oru\u017ejem<\/em><\/h3>\n\n<p><strong>Va\u017eno a\u017euriranje: Nova politika o vatrenom oru\u017eju i drugim naoru\u017eanju<\/strong><\/p>\n\n<p>U \u017dupanijskoj ku\u0107i za stanovanje (County Housing), duboko smo posve\u0107eni sigurnosti i dobrobiti na\u0161ih stanara, gostiju i zaposlenika. Kako bismo poja\u010dali ovu posve\u0107enost, uvodimo novu Politiku o vatrenom oru\u017eju, koju je Odbor povjerenika usvojio krajem 2024. godine, a koja \u0107e stupiti na snagu 1. jula 2025. godine. <\/p>\n\n<p>Ova politika je pa\u017eljivo osmi\u0161ljena kako bi se pobolj\u0161ala sigurnost i bezbjednost na\u0161ih zajednica. Razumijemo va\u017enost balansiranja sigurnosti s po\u0161tovanjem individualnih prava, a cilj ove politike je pru\u017eiti jasne smjernice o posjedovanju i rukovanju vatrenim oru\u017ejem i drugim oru\u017ejem unutar stambenih objekata okruga. <\/p>\n\n<div style=\"height:20px\" aria-hidden=\"true\" class=\"wp-block-spacer\"><\/div>\n\n<p><strong>\u0160ta trebate znati o politici<\/strong><\/p>\n\n<ul class=\"wp-block-list\">\n<li><p><strong>Svrha:<\/strong> Politika o vatrenom oru\u017eju ima za cilj za\u0161titu stanovnika, posjetilaca i osoblja podsticanjem odgovornog vlasni\u0161tva, sigurnog skladi\u0161tenja i pravilnog rukovanja vatrenim oru\u017ejem.<\/p><\/li>\n\n\n\n<li><p><strong>Va\u0161a prava:<\/strong> Stanovnici zadr\u017eavaju svoje pravo na no\u0161enje oru\u017eja u skladu sa zakonom.<\/p><\/li>\n\n\n\n<li><p><strong>Va\u0161e odgovornosti:<\/strong> Svi stanovnici moraju se pridr\u017eavati lokalnih, dr\u017eavnih i saveznih zakona u vezi s vatrenim oru\u017ejem i drugim oru\u017ejem, kako je navedeno u va\u0161em ugovoru o najmu. To uklju\u010duje osiguranje pravilnog skladi\u0161tenja vatrenog oru\u017eja kako bi se sprije\u010dile slu\u010dajne povrede i osiguralo da neovla\u0161tene osobe ne mogu pristupiti istom. Po\u0161tivanje ovih zakona i uvjeta va\u0161eg ugovora o najmu je klju\u010dno za odr\u017eavanje sigurnosti i bezbjednosti na\u0161e zajednice.  <\/p><\/li>\n\n\n\n<li><p><strong>Posljedice kr\u0161enja:<\/strong> Nezakonito posjedovanje, nepravilno skladi\u0161tenje ili radnje koje ugro\u017eavaju druge mogu rezultirati mjerama prinudne za\u0161tite, uklju\u010duju\u0107i raskid zakupa ili delo\u017eaciju.<\/p><\/li>\n<\/ul>\n\n<p><strong>Nau\u010di vi\u0161e<\/strong><\/p>\n\n<p>Kompletnu Politiku o vatrenom oru\u017eju, zajedno s \u010desto postavljanim pitanjima i dodatnim informacijama <a href=\"https:\/\/countyhousing.org\/bs\/nova-politika-o-vatrenom-oruzju-i-drugim-naoruzanju\/\">, mo\u017eete prona\u0107i ovdje<\/a> .<\/p>\n\n<div style=\"height:36px\" aria-hidden=\"true\" class=\"wp-block-spacer\"><\/div>\n\n<hr class=\"wp-block-separator has-text-color has-body-copy-color has-alpha-channel-opacity has-body-copy-background-color has-background\"\/>\n\n<div style=\"height:20px\" aria-hidden=\"true\" id=\"safety\" class=\"wp-block-spacer\"><\/div>\n\n<h3 class=\"wp-block-heading has-body-copy-color has-text-color has-link-color wp-elements-ff8606f7834976a46b61741056c58913\" id=\"safeandsound\" style=\"font-size:26px\">Sigurno i pouzdano<\/h3>\n\n<h3 class=\"wp-block-heading has-medium-dark-blue-color has-text-color has-link-color wp-elements-cc5f53c372a6d56765ae13a1cd88b0c5\"><em>Ostanite hladni, ostanite sigurni!<\/em><\/h3>\n\n<div style=\"height:20px\" aria-hidden=\"true\" class=\"wp-block-spacer\"><\/div>\n\n<p><strong>Kako ljetne temperature rastu, va\u017eno je poduzeti mjere opreza kako biste ostali sigurni i zdravi:<\/strong><\/p>\n\n<ul class=\"wp-block-list\">\n<li><p><strong>Ostanite hidrirani:<\/strong> Pijte puno vode, posebno ako provodite vrijeme napolju.<\/p><\/li>\n\n\n\n<li><p><strong>Koristite ventilatore ili klima ure\u0111aj:<\/strong> Odr\u017eavajte svoj dom hladnim pomo\u0107u ventilatora ili klima ure\u0111aja. Ako va\u0161 klima ure\u0111aj ne radi ispravno, odmah se obratite stanodavcu. <\/p><\/li>\n\n\n\n<li><p><strong>Provjerite susjede:<\/strong> Ako imate starije ili zdravstveno ugro\u017eene susjede, provjerite ih tokom vru\u0107ih dana.<\/p><\/li>\n<\/ul>\n\n<p><em>Znakovi bolesti povezanih s vru\u0107inom: Pazite na simptome poput vrtoglavice, glavobolje ili mu\u010dnine i odmah se premjestite u hladniji prostor. U slu\u010daju sumnje, pozovite 911. <\/em><\/p>\n\n<div style=\"height:40px\" aria-hidden=\"true\" class=\"wp-block-spacer\"><\/div>\n\n<p><strong><strong>\ud83d\udea8<\/strong><\/strong><em> <\/em><strong>Podsjetnik za hitno odr\u017eavanje:<\/strong><br\/> Ako imate problema s hitnim odr\u017eavanjem (kao \u0161to je curenje plina, nedostatak grijanja ili klima ure\u0111aja, poplava ili opasnost od elektri\u010dne struje), odmah pozovite na\u0161u liniju za odr\u017eavanje koja je dostupna 24\/7 na:<br\/> \ud83d\udcde (314) 492-3811<\/p>\n\n<div style=\"height:36px\" aria-hidden=\"true\" class=\"wp-block-spacer\"><\/div>\n\n<hr class=\"wp-block-separator has-text-color has-body-copy-color has-alpha-channel-opacity has-body-copy-background-color has-background\"\/>\n\n<div style=\"height:20px\" aria-hidden=\"true\" id=\"communityConnect\" class=\"wp-block-spacer\"><\/div>\n\n<h2 class=\"wp-block-heading has-body-copy-color has-text-color has-link-color wp-elements-e22b1c39fcdeadf2f0ee43400612063c\" style=\"font-size:26px\">Povezivanje zajednice<\/h2>\n\n<div style=\"height:20px\" aria-hidden=\"true\" class=\"wp-block-spacer\"><\/div>\n\n<figure class=\"wp-block-image size-full is-resized\"><a href=\"https:\/\/www.211helps.org\/\" target=\"_blank\" rel=\"noreferrer noopener\"><img decoding=\"async\" width=\"951\" height=\"645\" data-src=\"https:\/\/countyhousing.org\/wp-content\/uploads\/2025\/05\/211-logo.jpg\" alt=\"\" class=\"wp-image-3329 lazyload\" style=\"--smush-placeholder-width: 951px; --smush-placeholder-aspect-ratio: 951\/645;width:301px;height:auto\" data-srcset=\"https:\/\/countyhousing.org\/wp-content\/uploads\/2025\/05\/211-logo.jpg 951w, https:\/\/countyhousing.org\/wp-content\/uploads\/2025\/05\/211-logo-300x203.jpg 300w, https:\/\/countyhousing.org\/wp-content\/uploads\/2025\/05\/211-logo-768x521.jpg 768w\" data-sizes=\"(max-width: 951px) 100vw, 951px\" src=\"data:image\/svg+xml;base64,PHN2ZyB3aWR0aD0iMSIgaGVpZ2h0PSIxIiB4bWxucz0iaHR0cDovL3d3dy53My5vcmcvMjAwMC9zdmciPjwvc3ZnPg==\" \/><\/a><\/figure>\n\n<h3 class=\"wp-block-heading has-medium-green-color has-text-color has-link-color wp-elements-da1f66b50b0a2cb2a038ab3cbb7d0142\"><em>Va\u0161a veza s lokalnom pomo\u0107i dostupna 24\/7 \u2014 Pozovite 2-1-1<\/em><\/h3>\n\n<p>Kada vam je potrebna pomo\u0107, nije uvijek lako znati kome se obratiti. Zato je tu United Way 211, koji vas povezuje s agencijama i resursima u va\u0161em podru\u010dju 24 sata dnevno, 7 dana u sedmici. <\/p>\n\n<p>Bez obzira da li tra\u017eite podr\u0161ku za stanovanje, hranu, zdravstvenu za\u0161titu ili obuku za posao, 211 je besplatna i povjerljiva usluga koja vas mo\u017ee uputiti do pravih resursa koji \u0107e vama i va\u0161oj porodici pomo\u0107i da \u017eivite \u0161to bolji \u017eivot.<\/p>\n\n<div style=\"height:10px\" aria-hidden=\"true\" class=\"wp-block-spacer\"><\/div>\n\n<p>Evo samo nekoliko na\u010dina kako vam 211 mo\u017ee pomo\u0107i:<\/p>\n\n<ul class=\"wp-block-list\">\n<li><p><strong>Osnovne potrebe:<\/strong> Prona\u0111ite lokalne prodavnice hrane, skloni\u0161ta i pomozite s pla\u0107anjem stanarine, komunalija ili hipoteke.<\/p><\/li>\n\n\n\n<li><p><strong>Zdravstveni resursi:<\/strong> Pove\u017eite se s Medicaidom, Medicareom, prenatalnom njegom, uslugama mentalnog zdravlja, kriznim intervencijama i savjetovanjem o zloupotrebi supstanci.<\/p><\/li>\n\n\n\n<li><p><strong>Podr\u0161ka za starije osobe i osobe s invaliditetom:<\/strong> Saznajte vi\u0161e o dostavi obroka na ku\u0107nu adresu, ku\u0107noj zdravstvenoj njezi, prijevozu i dnevnim programima.<\/p><\/li>\n\n\n\n<li><p><strong>Pomo\u0107 za djecu i porodice:<\/strong> Pristupite programima produ\u017eenog boravka, preporukama za brigu o djeci, porodi\u010dnom savjetovanju i resursima za u\u010denje u ranom djetinjstvu.<\/p><\/li>\n\n\n\n<li><p><strong>Podr\u0161ka za posao:<\/strong> Istra\u017eite pripremu za GED, \u010dasove engleskog kao stranog jezika, obuku za posao i finansijsku ili transportnu pomo\u0107.<\/p><\/li>\n\n\n\n<li><p><strong>Pomo\u0107 u slu\u010daju katastrofe:<\/strong> Tokom te\u0161kih vremenskih uslova ili vanrednih situacija, 211 mo\u017ee pru\u017eiti informacije o skloni\u0161tima, resursima za oporavak od katastrofe i jo\u0161 mnogo toga.<\/p><\/li>\n<\/ul>\n\n<p>Samo pozovite 211 ili posjetite <a href=\"https:\/\/www.211helps.org\/\">www.211helps.org<\/a> da biste zapo\u010deli. Nikada niste sami; pomo\u0107 je uvijek udaljena samo jedan poziv ili klik. <\/p>\n\n<div style=\"height:40px\" aria-hidden=\"true\" class=\"wp-block-spacer\"><\/div>\n\n<figure class=\"wp-block-image size-full is-resized\"><img decoding=\"async\" width=\"400\" height=\"225\" data-src=\"https:\/\/countyhousing.org\/wp-content\/uploads\/2025\/05\/cool-down-st-louis-egg_97c01.jpg\" alt=\"\" class=\"wp-image-3334 lazyload\" style=\"--smush-placeholder-width: 400px; --smush-placeholder-aspect-ratio: 400\/225;width:303px;height:auto\" data-srcset=\"https:\/\/countyhousing.org\/wp-content\/uploads\/2025\/05\/cool-down-st-louis-egg_97c01.jpg 400w, https:\/\/countyhousing.org\/wp-content\/uploads\/2025\/05\/cool-down-st-louis-egg_97c01-300x169.jpg 300w\" data-sizes=\"(max-width: 400px) 100vw, 400px\" src=\"data:image\/svg+xml;base64,PHN2ZyB3aWR0aD0iMSIgaGVpZ2h0PSIxIiB4bWxucz0iaHR0cDovL3d3dy53My5vcmcvMjAwMC9zdmciPjwvc3ZnPg==\" \/><\/figure>\n\n<h3 class=\"wp-block-heading has-pink-color has-text-color has-link-color wp-elements-0ccc490c73a70caba443c890b8d44afa\"><em>Trebate li pomo\u0107 da se rashladite ovog ljeta? \u2013 Cool-Down St. Louis je tu da vam pomogne. <\/em><\/h3>\n\n<p>Kako temperature rastu, va\u017eno je ostati siguran i rashla\u0111en, posebno tokom ekstremnih vru\u0107ina. Ako vi ili neko koga poznajete imate problema s visokim ra\u010dunima za komunalije ili nemate pristup klima ure\u0111aju, Cool-Down St. Louis vam mo\u017ee pomo\u0107i. <\/p>\n\n<p>Ova lokalna neprofitna organizacija pru\u017ea pomo\u0107 s pla\u0107anjem ra\u010duna za komunalije i poma\u017ee doma\u0107instvima koja ispunjavaju uslove u povezivanju s klima ure\u0111ajima ili drugim resursima za hla\u0111enje tokom ljetnih mjeseci.<\/p>\n\n<div style=\"height:20px\" aria-hidden=\"true\" class=\"wp-block-spacer\"><\/div>\n\n<p>Kako oni mogu pomo\u0107i:<\/p>\n\n<ul class=\"wp-block-list\">\n<li>Pomo\u0107 komunalnih preduze\u0107a za sprje\u010davanje isklju\u010denja<\/li>\n\n\n\n<li>Klima ure\u0111aji za kvalifikovane starije osobe i osobe s invaliditetom<\/li>\n\n\n\n<li>Savjeti i informacije za sigurnost tokom ekstremnih vru\u0107ina<\/li>\n<\/ul>\n\n<p>Posjetite <a href=\"https:\/\/heatupstlouis.org\/\">HeatUpStLouis.org<\/a> da biste se prijavili za pomo\u0107 ili pozovite 314-241-0001 ako ste starija osoba kojoj je potrebna pomo\u0107. Hajde da se brinemo jedni o drugima ovog ljeta. Ako poznajete kom\u0161iju kojem bi ovaj resurs mogao koristiti, molimo vas da pro\u0161irite vijest!  <\/p>\n\n<div style=\"height:36px\" aria-hidden=\"true\" class=\"wp-block-spacer\"><\/div>\n\n<hr class=\"wp-block-separator has-text-color has-body-copy-color has-alpha-channel-opacity has-body-copy-background-color has-background\"\/>\n\n<div style=\"height:36px\" aria-hidden=\"true\" id=\"maintenance\" class=\"wp-block-spacer\"><\/div>\n\n<h2 class=\"wp-block-heading has-body-copy-color has-text-color has-link-color wp-elements-242e3cbe26e92c71d742f45968a85c5a\" style=\"font-size:26px\">Odr\u017eavanje je va\u017eno<\/h2>\n\n<h3 class=\"wp-block-heading has-teal-color has-text-color has-link-color wp-elements-1eac7f86ef5e6f06bd9cacd30f0acb30\"><em>Ostanite sigurni kod ku\u0107e ovog ljeta<\/em><\/h3>\n\n<p><strong>1. Za\u0161tita od po\u017eara po\u010dinje kod ku\u0107e<\/strong><\/p>\n\n<ul class=\"wp-block-list\">\n<li>Testirajte detektore dima mjese\u010dno; pritisnite dugme da biste bili sigurni da rade.<\/li>\n\n\n\n<li>Zapaljive predmete dr\u017eite dalje od \u0161poreta i isklju\u010dujte male ure\u0111aje iz struje kada ih ne koristite.<\/li>\n<\/ul>\n\n<p><strong>2. Elektri\u010dni pregled<\/strong><\/p>\n\n<ul class=\"wp-block-list\">\n<li>Ne preoptere\u0107ujte uti\u010dnice ili produ\u017eetke za napajanje; to mo\u017ee uzrokovati pregrijavanje.<\/li>\n\n\n\n<li>Ako primijetite treperenje svjetla ili uti\u010dnice koje su vru\u0107e, odmah to prijavite odr\u017eavanju.<\/li>\n\n\n\n<li>Produ\u017eni kablovi su samo za privremenu upotrebu; izbjegavajte njihovu dugotrajnu upotrebu.<\/li>\n<\/ul>\n\n<p><strong>3. Sprje\u010davanje \u0161teto\u010dina = Sigurniji prostori<\/strong><\/p>\n\n<ul class=\"wp-block-list\">\n<li>Hranu \u010duvajte u zatvorenim posudama i odmah o\u010distite mrvice ili prolivenu teku\u0107inu.<\/li>\n\n\n\n<li>Prijavite sva vi\u0111enja \u0161teto\u010dina rano; ne \u010dekajte!<\/li>\n\n\n\n<li>Odr\u017eavajte vanjske prostore za sme\u0107e \u010distima, a poklopce \u010dvrsto zatvorenima.<\/li>\n<\/ul>\n\n<p><strong>4. Odr\u017eavajte hodnike i izlaze \u010distim<\/strong><\/p>\n\n<ul class=\"wp-block-list\">\n<li>Izbjegavajte blokiranje vrata, hodnika ili prozora \u2013 to je posebno va\u017eno u slu\u010daju nu\u017ede.<\/li>\n\n\n\n<li>Prijavite sve pokvarene svjetiljke u zajedni\u010dkim prostorima radi bolje vidljivosti no\u0107u.<\/li>\n<\/ul>\n\n<p><strong>5. Savjeti za sigurnost tokom ljeta<\/strong><\/p>\n\n<ul class=\"wp-block-list\">\n<li>Pazite na klizave povr\u0161ine u blizini ulaza tokom ki\u0161nih dana. Obri\u0161ite cipele i obavijestite nas ako je potrebno zamijeniti prostirke. <\/li>\n\n\n\n<li>Ro\u0161tilje dr\u017eite najmanje 3 metra od ure\u0111aja i nikada ih ne pecite na verandama ili balkonima.<\/li>\n<\/ul>\n\n<div style=\"height:36px\" aria-hidden=\"true\" class=\"wp-block-spacer\"><\/div>\n\n<hr class=\"wp-block-separator has-text-color has-body-copy-color has-alpha-channel-opacity has-body-copy-background-color has-background\"\/>\n\n<div style=\"height:36px\" aria-hidden=\"true\" id=\"updates\" class=\"wp-block-spacer\"><\/div>\n\n<h2 class=\"wp-block-heading has-body-copy-color has-text-color has-link-color wp-elements-1b4baada8051b899e81249a9fc25910e\" style=\"font-size:26px\">A\u017euriranja i najave<\/h2>\n\n<h3 class=\"wp-block-heading has-medium-dark-blue-color has-text-color has-link-color wp-elements-3d8ee697ed082a4a861a81cc2b86b446\" id=\"occupancyAlign\"><em>Izvla\u010denje najboljih rezultata iz stanovanja: Razumijevanje uskla\u0111ivanja zauzetosti<\/em><\/h3>\n\n<p><strong>Uskla\u0111ivanje zauzetosti je pravilo HUD-a i politika stanovanja okruga<\/strong><\/p>\n\n<p>Da li ste znali da se Okru\u017eno stanovanje pridr\u017eava standarda stanovanja, politike zasnovane na pravilima ameri\u010dkog Ministarstva za stanovanje i urbani razvoj (HUD)? Sve se svodi na maksimalno iskori\u0161tavanje na\u0161ih stambenih resursa kako bismo uslu\u017eili \u0161to ve\u0107i broj porodica. <\/p>\n\n<p><strong>\u0160ta je uskla\u0111ivanje popunjenosti?<\/strong><\/p>\n\n<p>Vremenom se veli\u010dina doma\u0107instava mo\u017ee promijeniti. Mo\u017eda su djeca odrasla i odselila se, ili se mo\u017eda va\u0161a porodica pro\u0161irila. <strong>Uskla\u0111ivanje broja stanovnika<\/strong> zna\u010di osigurati da porodice \u017eive u domovima koji su odgovaraju\u0107e veli\u010dine za njihov trenutni sastav doma\u0107instva. <\/p>\n\n<p><strong>Za\u0161to je to va\u017eno<\/strong><\/p>\n\n<p>Ovaj proces poma\u017ee:<\/p>\n\n<ul class=\"wp-block-list\">\n<li>Smanjite vrijeme \u010dekanja za porodice koje jo\u0161 uvijek tra\u017ee smje\u0161taj<\/li>\n\n\n\n<li>Osigurati pravedno i efikasno kori\u0161tenje raspolo\u017eivih jedinica<\/li>\n\n\n\n<li>Odr\u017eavajte stambeni prostor prilago\u0111en potrebama zajednice<\/li>\n<\/ul>\n\n<p><strong>\u0160ta se de\u0161ava ako stambena jedinica vi\u0161e ne odgovara veli\u010dini doma\u0107instva?<\/strong><\/p>\n\n<p>Ako se utvrdi da veli\u010dina va\u0161eg doma\u0107instva vi\u0161e ne odgovara veli\u010dini va\u0161eg trenutnog stana, Odjel za stanovanje okruga \u0107e vas kontaktirati kako biste razgovarali o sljede\u0107im koracima.<\/p>\n\n<p><strong>Uvijek smo tu da pomognemo<\/strong><\/p>\n\n<p>Znamo da je selidba velika stvar i posve\u0107eni smo saradnji s vama. Na\u0161 cilj je osigurati da svi imaju dom koji je siguran, prikladan i dostupan kada je najpotrebniji. <\/p>\n\n<p>Zajedno mo\u017eemo u\u010diniti da na\u0161i stambeni resursi idu dalje, poma\u017eu\u0107i ve\u0107em broju porodica da prona\u0111u mjesto koje mogu nazvati domom.<\/p>\n\n<div style=\"height:20px\" aria-hidden=\"true\" id=\"closures\" class=\"wp-block-spacer\"><\/div>\n\n<h3 class=\"wp-block-heading has-medium-green-color has-text-color has-link-color wp-elements-4965dc7a0447738f2e15a3a690dc55f7\"><em>Zatvaranje ureda za stanovanje okruga tokom praznika 2025.<\/em><\/h3>\n\n<p>Molimo vas da imate na umu da \u0107e Okru\u017eni stambeni odjel biti zatvoren za sljede\u0107e praznike u 2025. godini:<\/p>\n\n<ul class=\"wp-block-list\">\n<li>Juneteenth \u2013 \u010detvrtak, 19. juni<\/li>\n\n\n\n<li>Dan nezavisnosti \u2013 petak, 4. juli<\/li>\n\n\n\n<li>Praznik rada \u2013 ponedjeljak, 1. septembar<\/li>\n\n\n\n<li>Dan veterana \u2013 utorak, 11. novembar<\/li>\n\n\n\n<li>Dan zahvalnosti \u2013 \u010detvrtak, 27. novembar<\/li>\n\n\n\n<li>Dan nakon Dana zahvalnosti \u2013 petak, 28. novembar<\/li>\n<\/ul>\n\n<p>Osim toga, Okru\u017eni stambeni odjel bit \u0107e zatvoren za prazni\u010dnu sezonu od <strong>\u010detvrtka,<\/strong> <strong>25. decembra 2025. godine, do \u010detvrtka, 1. januara 2026. godine<\/strong> , a ponovo \u0107e se otvoriti u petak, 2. januara 2026. godine.<\/p>\n\n<p>Molimo vas da planirate u skladu s tim i nadamo se da \u0107ete u\u017eivati \u200b\u200bu svom odmoru!<\/p>\n\n<div style=\"height:100px\" aria-hidden=\"true\" class=\"wp-block-spacer\"><\/div>\n","protected":false},"excerpt":{"rendered":"<p>Bilten za stanovnike javnog stanovanja za juni 2025.<\/p>\n","protected":false},"author":1,"featured_media":2716,"comment_status":"closed","ping_status":"closed","sticky":false,"template":"","format":"standard","meta":{"_acf_changed":false,"footnotes":"","_classifai_error":"","_classifai_text_to_speech_error":"","_classifai_text_to_speech_scheduled":false},"categories":[110],"tags":[],"class_list":["post-3359","post","type-post","status-publish","format-standard","has-post-thumbnail","hentry","category-uncategorized-bs"],"acf":[],"yoast_head":"<!-- This site is optimized with the Yoast SEO plugin v27.4 - https:\/\/yoast.com\/product\/yoast-seo-wordpress\/ -->\n<title>Veza stanara - County Housing<\/title>\n<meta name=\"description\" content=\"Bilten za stanovnike javnog stanovanja za juni 2025.\" \/>\n<meta name=\"robots\" content=\"index, follow, max-snippet:-1, max-image-preview:large, max-video-preview:-1\" \/>\n<link rel=\"canonical\" href=\"https:\/\/countyhousing.org\/bs\/veza-stanara-5\/\" \/>\n<meta property=\"og:locale\" content=\"bs_BA\" \/>\n<meta property=\"og:type\" content=\"article\" \/>\n<meta property=\"og:title\" content=\"Bilten stanara o vau\u010derima za izbor stanovanja za juni 2025.\" \/>\n<meta property=\"og:description\" content=\"Bilten za stanovnike javnog stanovanja za juni 2025.\" \/>\n<meta property=\"og:url\" content=\"https:\/\/countyhousing.org\/bs\/veza-stanara-5\/\" \/>\n<meta property=\"og:site_name\" content=\"County Housing\" \/>\n<meta property=\"article:published_time\" content=\"2025-06-16T18:34:00+00:00\" \/>\n<meta property=\"article:modified_time\" content=\"2025-06-16T18:50:33+00:00\" \/>\n<meta property=\"og:image\" content=\"https:\/\/countyhousing.org\/wp-content\/uploads\/2024\/10\/CH-hdr.jpg\" \/>\n\t<meta property=\"og:image:width\" content=\"1200\" \/>\n\t<meta property=\"og:image:height\" content=\"630\" \/>\n\t<meta property=\"og:image:type\" content=\"image\/jpeg\" \/>\n<meta name=\"author\" content=\"countyhousistg\" \/>\n<meta name=\"twitter:card\" content=\"summary_large_image\" \/>\n<meta name=\"twitter:title\" content=\"Bilten stanara o vau\u010derima za izbor stanovanja za juni 2025.\" \/>\n<meta name=\"twitter:label1\" content=\"Written by\" \/>\n\t<meta name=\"twitter:data1\" content=\"countyhousistg\" \/>\n\t<meta name=\"twitter:label2\" content=\"Est. reading time\" \/>\n\t<meta name=\"twitter:data2\" content=\"12 minuta\" \/>\n<script type=\"application\/ld+json\" class=\"yoast-schema-graph\">{\"@context\":\"https:\\\/\\\/schema.org\",\"@graph\":[{\"@type\":\"Article\",\"@id\":\"https:\\\/\\\/countyhousing.org\\\/bs\\\/veza-stanara-5\\\/#article\",\"isPartOf\":{\"@id\":\"https:\\\/\\\/countyhousing.org\\\/bs\\\/veza-stanara-5\\\/\"},\"author\":{\"name\":\"countyhousistg\",\"@id\":\"https:\\\/\\\/countyhousing.org\\\/bs\\\/#\\\/schema\\\/person\\\/329b4bf92d32839b09b9823303d7250e\"},\"headline\":\"Veza stanara\",\"datePublished\":\"2025-06-16T18:34:00+00:00\",\"dateModified\":\"2025-06-16T18:50:33+00:00\",\"mainEntityOfPage\":{\"@id\":\"https:\\\/\\\/countyhousing.org\\\/bs\\\/veza-stanara-5\\\/\"},\"wordCount\":2334,\"publisher\":{\"@id\":\"https:\\\/\\\/countyhousing.org\\\/bs\\\/#organization\"},\"image\":{\"@id\":\"https:\\\/\\\/countyhousing.org\\\/bs\\\/veza-stanara-5\\\/#primaryimage\"},\"thumbnailUrl\":\"https:\\\/\\\/countyhousing.org\\\/wp-content\\\/uploads\\\/2024\\\/10\\\/CH-hdr.jpg\",\"articleSection\":[\"Uncategorized @bs\"],\"inLanguage\":\"bs-BA\"},{\"@type\":\"WebPage\",\"@id\":\"https:\\\/\\\/countyhousing.org\\\/bs\\\/veza-stanara-5\\\/\",\"url\":\"https:\\\/\\\/countyhousing.org\\\/bs\\\/veza-stanara-5\\\/\",\"name\":\"Veza stanara - County Housing\",\"isPartOf\":{\"@id\":\"https:\\\/\\\/countyhousing.org\\\/bs\\\/#website\"},\"primaryImageOfPage\":{\"@id\":\"https:\\\/\\\/countyhousing.org\\\/bs\\\/veza-stanara-5\\\/#primaryimage\"},\"image\":{\"@id\":\"https:\\\/\\\/countyhousing.org\\\/bs\\\/veza-stanara-5\\\/#primaryimage\"},\"thumbnailUrl\":\"https:\\\/\\\/countyhousing.org\\\/wp-content\\\/uploads\\\/2024\\\/10\\\/CH-hdr.jpg\",\"datePublished\":\"2025-06-16T18:34:00+00:00\",\"dateModified\":\"2025-06-16T18:50:33+00:00\",\"description\":\"Bilten za stanovnike javnog stanovanja za juni 2025.\",\"breadcrumb\":{\"@id\":\"https:\\\/\\\/countyhousing.org\\\/bs\\\/veza-stanara-5\\\/#breadcrumb\"},\"inLanguage\":\"bs-BA\",\"potentialAction\":[{\"@type\":\"ReadAction\",\"target\":[\"https:\\\/\\\/countyhousing.org\\\/bs\\\/veza-stanara-5\\\/\"]}]},{\"@type\":\"ImageObject\",\"inLanguage\":\"bs-BA\",\"@id\":\"https:\\\/\\\/countyhousing.org\\\/bs\\\/veza-stanara-5\\\/#primaryimage\",\"url\":\"https:\\\/\\\/countyhousing.org\\\/wp-content\\\/uploads\\\/2024\\\/10\\\/CH-hdr.jpg\",\"contentUrl\":\"https:\\\/\\\/countyhousing.org\\\/wp-content\\\/uploads\\\/2024\\\/10\\\/CH-hdr.jpg\",\"width\":1200,\"height\":630},{\"@type\":\"BreadcrumbList\",\"@id\":\"https:\\\/\\\/countyhousing.org\\\/bs\\\/veza-stanara-5\\\/#breadcrumb\",\"itemListElement\":[{\"@type\":\"ListItem\",\"position\":1,\"name\":\"Home\",\"item\":\"https:\\\/\\\/countyhousing.org\\\/bs\\\/pocetna-stranica\\\/\"},{\"@type\":\"ListItem\",\"position\":2,\"name\":\"Veza stanara\"}]},{\"@type\":\"WebSite\",\"@id\":\"https:\\\/\\\/countyhousing.org\\\/bs\\\/#website\",\"url\":\"https:\\\/\\\/countyhousing.org\\\/bs\\\/\",\"name\":\"County Housing\",\"description\":\"The Housing Authority of St. Louis County\",\"publisher\":{\"@id\":\"https:\\\/\\\/countyhousing.org\\\/bs\\\/#organization\"},\"potentialAction\":[{\"@type\":\"SearchAction\",\"target\":{\"@type\":\"EntryPoint\",\"urlTemplate\":\"https:\\\/\\\/countyhousing.org\\\/bs\\\/?s={search_term_string}\"},\"query-input\":{\"@type\":\"PropertyValueSpecification\",\"valueRequired\":true,\"valueName\":\"search_term_string\"}}],\"inLanguage\":\"bs-BA\"},{\"@type\":\"Organization\",\"@id\":\"https:\\\/\\\/countyhousing.org\\\/bs\\\/#organization\",\"name\":\"County Housing\",\"url\":\"https:\\\/\\\/countyhousing.org\\\/bs\\\/\",\"logo\":{\"@type\":\"ImageObject\",\"inLanguage\":\"bs-BA\",\"@id\":\"https:\\\/\\\/countyhousing.org\\\/bs\\\/#\\\/schema\\\/logo\\\/image\\\/\",\"url\":\"https:\\\/\\\/countyhousing.org\\\/wp-content\\\/uploads\\\/2023\\\/12\\\/CH_Logo_Horizontal_Web_03-1.png\",\"contentUrl\":\"https:\\\/\\\/countyhousing.org\\\/wp-content\\\/uploads\\\/2023\\\/12\\\/CH_Logo_Horizontal_Web_03-1.png\",\"width\":279,\"height\":100,\"caption\":\"County Housing\"},\"image\":{\"@id\":\"https:\\\/\\\/countyhousing.org\\\/bs\\\/#\\\/schema\\\/logo\\\/image\\\/\"}},{\"@type\":\"Person\",\"@id\":\"https:\\\/\\\/countyhousing.org\\\/bs\\\/#\\\/schema\\\/person\\\/329b4bf92d32839b09b9823303d7250e\",\"name\":\"countyhousistg\",\"image\":{\"@type\":\"ImageObject\",\"inLanguage\":\"bs-BA\",\"@id\":\"https:\\\/\\\/secure.gravatar.com\\\/avatar\\\/9d36136dff7fb82b2d9d8f2dc13380a1856275c95488f878ed837557a1a942d0?s=96&d=mm&r=g\",\"url\":\"https:\\\/\\\/secure.gravatar.com\\\/avatar\\\/9d36136dff7fb82b2d9d8f2dc13380a1856275c95488f878ed837557a1a942d0?s=96&d=mm&r=g\",\"contentUrl\":\"https:\\\/\\\/secure.gravatar.com\\\/avatar\\\/9d36136dff7fb82b2d9d8f2dc13380a1856275c95488f878ed837557a1a942d0?s=96&d=mm&r=g\",\"caption\":\"countyhousistg\"},\"sameAs\":[\"https:\\\/\\\/countyhousing.org\"],\"url\":\"https:\\\/\\\/countyhousing.org\\\/bs\\\/author\\\/countyhousistg\\\/\"}]}<\/script>\n<!-- \/ Yoast SEO plugin. -->","yoast_head_json":{"title":"Veza stanara - County Housing","description":"Bilten za stanovnike javnog stanovanja za juni 2025.","robots":{"index":"index","follow":"follow","max-snippet":"max-snippet:-1","max-image-preview":"max-image-preview:large","max-video-preview":"max-video-preview:-1"},"canonical":"https:\/\/countyhousing.org\/bs\/veza-stanara-5\/","og_locale":"bs_BA","og_type":"article","og_title":"Bilten stanara o vau\u010derima za izbor stanovanja za juni 2025.","og_description":"Bilten za stanovnike javnog stanovanja za juni 2025.","og_url":"https:\/\/countyhousing.org\/bs\/veza-stanara-5\/","og_site_name":"County Housing","article_published_time":"2025-06-16T18:34:00+00:00","article_modified_time":"2025-06-16T18:50:33+00:00","og_image":[{"width":1200,"height":630,"url":"https:\/\/countyhousing.org\/wp-content\/uploads\/2024\/10\/CH-hdr.jpg","type":"image\/jpeg"}],"author":"countyhousistg","twitter_card":"summary_large_image","twitter_title":"Bilten stanara o vau\u010derima za izbor stanovanja za juni 2025.","twitter_misc":{"Written by":"countyhousistg","Est. reading time":"12 minuta"},"schema":{"@context":"https:\/\/schema.org","@graph":[{"@type":"Article","@id":"https:\/\/countyhousing.org\/bs\/veza-stanara-5\/#article","isPartOf":{"@id":"https:\/\/countyhousing.org\/bs\/veza-stanara-5\/"},"author":{"name":"countyhousistg","@id":"https:\/\/countyhousing.org\/bs\/#\/schema\/person\/329b4bf92d32839b09b9823303d7250e"},"headline":"Veza stanara","datePublished":"2025-06-16T18:34:00+00:00","dateModified":"2025-06-16T18:50:33+00:00","mainEntityOfPage":{"@id":"https:\/\/countyhousing.org\/bs\/veza-stanara-5\/"},"wordCount":2334,"publisher":{"@id":"https:\/\/countyhousing.org\/bs\/#organization"},"image":{"@id":"https:\/\/countyhousing.org\/bs\/veza-stanara-5\/#primaryimage"},"thumbnailUrl":"https:\/\/countyhousing.org\/wp-content\/uploads\/2024\/10\/CH-hdr.jpg","articleSection":["Uncategorized @bs"],"inLanguage":"bs-BA"},{"@type":"WebPage","@id":"https:\/\/countyhousing.org\/bs\/veza-stanara-5\/","url":"https:\/\/countyhousing.org\/bs\/veza-stanara-5\/","name":"Veza stanara - County Housing","isPartOf":{"@id":"https:\/\/countyhousing.org\/bs\/#website"},"primaryImageOfPage":{"@id":"https:\/\/countyhousing.org\/bs\/veza-stanara-5\/#primaryimage"},"image":{"@id":"https:\/\/countyhousing.org\/bs\/veza-stanara-5\/#primaryimage"},"thumbnailUrl":"https:\/\/countyhousing.org\/wp-content\/uploads\/2024\/10\/CH-hdr.jpg","datePublished":"2025-06-16T18:34:00+00:00","dateModified":"2025-06-16T18:50:33+00:00","description":"Bilten za stanovnike javnog stanovanja za juni 2025.","breadcrumb":{"@id":"https:\/\/countyhousing.org\/bs\/veza-stanara-5\/#breadcrumb"},"inLanguage":"bs-BA","potentialAction":[{"@type":"ReadAction","target":["https:\/\/countyhousing.org\/bs\/veza-stanara-5\/"]}]},{"@type":"ImageObject","inLanguage":"bs-BA","@id":"https:\/\/countyhousing.org\/bs\/veza-stanara-5\/#primaryimage","url":"https:\/\/countyhousing.org\/wp-content\/uploads\/2024\/10\/CH-hdr.jpg","contentUrl":"https:\/\/countyhousing.org\/wp-content\/uploads\/2024\/10\/CH-hdr.jpg","width":1200,"height":630},{"@type":"BreadcrumbList","@id":"https:\/\/countyhousing.org\/bs\/veza-stanara-5\/#breadcrumb","itemListElement":[{"@type":"ListItem","position":1,"name":"Home","item":"https:\/\/countyhousing.org\/bs\/pocetna-stranica\/"},{"@type":"ListItem","position":2,"name":"Veza stanara"}]},{"@type":"WebSite","@id":"https:\/\/countyhousing.org\/bs\/#website","url":"https:\/\/countyhousing.org\/bs\/","name":"County Housing","description":"The Housing Authority of St. Louis County","publisher":{"@id":"https:\/\/countyhousing.org\/bs\/#organization"},"potentialAction":[{"@type":"SearchAction","target":{"@type":"EntryPoint","urlTemplate":"https:\/\/countyhousing.org\/bs\/?s={search_term_string}"},"query-input":{"@type":"PropertyValueSpecification","valueRequired":true,"valueName":"search_term_string"}}],"inLanguage":"bs-BA"},{"@type":"Organization","@id":"https:\/\/countyhousing.org\/bs\/#organization","name":"County Housing","url":"https:\/\/countyhousing.org\/bs\/","logo":{"@type":"ImageObject","inLanguage":"bs-BA","@id":"https:\/\/countyhousing.org\/bs\/#\/schema\/logo\/image\/","url":"https:\/\/countyhousing.org\/wp-content\/uploads\/2023\/12\/CH_Logo_Horizontal_Web_03-1.png","contentUrl":"https:\/\/countyhousing.org\/wp-content\/uploads\/2023\/12\/CH_Logo_Horizontal_Web_03-1.png","width":279,"height":100,"caption":"County Housing"},"image":{"@id":"https:\/\/countyhousing.org\/bs\/#\/schema\/logo\/image\/"}},{"@type":"Person","@id":"https:\/\/countyhousing.org\/bs\/#\/schema\/person\/329b4bf92d32839b09b9823303d7250e","name":"countyhousistg","image":{"@type":"ImageObject","inLanguage":"bs-BA","@id":"https:\/\/secure.gravatar.com\/avatar\/9d36136dff7fb82b2d9d8f2dc13380a1856275c95488f878ed837557a1a942d0?s=96&d=mm&r=g","url":"https:\/\/secure.gravatar.com\/avatar\/9d36136dff7fb82b2d9d8f2dc13380a1856275c95488f878ed837557a1a942d0?s=96&d=mm&r=g","contentUrl":"https:\/\/secure.gravatar.com\/avatar\/9d36136dff7fb82b2d9d8f2dc13380a1856275c95488f878ed837557a1a942d0?s=96&d=mm&r=g","caption":"countyhousistg"},"sameAs":["https:\/\/countyhousing.org"],"url":"https:\/\/countyhousing.org\/bs\/author\/countyhousistg\/"}]}},"_links":{"self":[{"href":"https:\/\/countyhousing.org\/bs\/wp-json\/wp\/v2\/posts\/3359","targetHints":{"allow":["GET"]}}],"collection":[{"href":"https:\/\/countyhousing.org\/bs\/wp-json\/wp\/v2\/posts"}],"about":[{"href":"https:\/\/countyhousing.org\/bs\/wp-json\/wp\/v2\/types\/post"}],"author":[{"embeddable":true,"href":"https:\/\/countyhousing.org\/bs\/wp-json\/wp\/v2\/users\/1"}],"replies":[{"embeddable":true,"href":"https:\/\/countyhousing.org\/bs\/wp-json\/wp\/v2\/comments?post=3359"}],"version-history":[{"count":0,"href":"https:\/\/countyhousing.org\/bs\/wp-json\/wp\/v2\/posts\/3359\/revisions"}],"wp:featuredmedia":[{"embeddable":true,"href":"https:\/\/countyhousing.org\/bs\/wp-json\/wp\/v2\/media\/2716"}],"wp:attachment":[{"href":"https:\/\/countyhousing.org\/bs\/wp-json\/wp\/v2\/media?parent=3359"}],"wp:term":[{"taxonomy":"category","embeddable":true,"href":"https:\/\/countyhousing.org\/bs\/wp-json\/wp\/v2\/categories?post=3359"},{"taxonomy":"post_tag","embeddable":true,"href":"https:\/\/countyhousing.org\/bs\/wp-json\/wp\/v2\/tags?post=3359"}],"curies":[{"name":"wp","href":"https:\/\/api.w.org\/{rel}","templated":true}]}}