{"id":3272,"date":"2024-10-29T08:00:00","date_gmt":"2024-10-29T13:00:00","guid":{"rendered":"https:\/\/countyhousing.org\/veza-stanara-4\/"},"modified":"2025-05-07T15:16:26","modified_gmt":"2025-05-07T20:16:26","slug":"veza-stanara-4","status":"publish","type":"post","link":"https:\/\/countyhousing.org\/bs\/veza-stanara-4\/","title":{"rendered":"Veza stanara"},"content":{"rendered":"\n<h2 class=\"wp-block-heading has-x-large-font-size\">Bilten za stanare javnog stanovanja za oktobar 2024.<\/h2>\n\n<h3 class=\"wp-block-heading has-medium-green-color has-text-color has-link-color wp-elements-4029dd77a691a26817d6d9ee44252094\" style=\"font-size:26px\">Sadr\u017eaj:<\/h3>\n\n<ul class=\"wp-block-list\">\n<li><a href=\"#CEOmessage\">Poruka generalnog direktora<\/a> \u2013 <em>Slu\u0161anje i vo\u0111enje<\/em><\/li>\n\n\n\n<li><a href=\"#featureStory\">Pri\u010da<\/a> \u2013 <em>Revitalizacija na\u0161e zajednice: Transformacija porodi\u010dnih domova u Wellingtonu<\/em><\/li>\n\n\n\n<li><a href=\"#safeandsound\">Sigurno i pouzdano<\/a><\/li>\n\n\n\n<li><a href=\"#communityConnect\">Veza<\/a> <a href=\"http:\/\/communityConnect\">sa zajednicom<\/a><\/li>\n\n\n\n<li><a href=\"#maintenanceMatters\">Odr\u017eavanje je va\u017eno<\/a><\/li>\n\n\n\n<li><a href=\"#fairHousingFact\">\u010cinjenica o pravednom stanovanju<\/a><\/li>\n\n\n\n<li><p><a href=\"#updatesAndAnnouncements\">A\u017euriranja i najave<\/a> \u2013 <em>A\u017eurirani ACOP dostupan je 18. oktobra, a sastanak Savjetodavnog odbora stanara 23. oktobra<\/em><\/p><\/li>\n<\/ul>\n\n<div style=\"height:20px\" aria-hidden=\"true\" class=\"wp-block-spacer\"><\/div>\n\n<hr class=\"wp-block-separator has-text-color has-body-copy-color has-alpha-channel-opacity has-body-copy-background-color has-background\"\/>\n\n<div style=\"height:20px\" aria-hidden=\"true\" class=\"wp-block-spacer\"><\/div>\n\n<h3 class=\"wp-block-heading has-body-copy-color has-text-color has-link-color wp-elements-2a360b6738f6b6114b025159d3fd34ac\" id=\"CEOmessage\" style=\"font-size:26px\">Poruka generalnog direktora<\/h3>\n\n<h3 class=\"wp-block-heading has-pink-color has-text-color has-link-color wp-elements-9528461f04f035201053020cd32f9340\"><em>Slu\u0161anje i vo\u0111enje<\/em><\/h3>\n\n<p>Po\u0161tovani stanovnici,<\/p>\n\n<p>Uzbu\u0111en sam \u0161to vas mogu po\u017eeljeti dobrodo\u0161licu u prvo izdanje na\u0161eg biltena za stanovanje u okrugu. Dok nastavljamo na\u0161u misiju pru\u017eanja sigurnog i pristupa\u010dnog smje\u0161taja porodicama \u0161irom okruga St. Louis, va\u017eno mi je da stvorimo otvorene linije komunikacije i da vas obavje\u0161tavamo o radu koji obavljamo kako bismo podr\u017eali na\u0161e zajednice. <\/p>\n\n<p>Tokom proteklih nekoliko mjeseci radili smo na nekim uzbudljivim de\u0161avanjima koja \u0107e direktno koristiti vama, na\u0161im cijenjenim stanovnicima. Od novih sigurnosnih inicijativa osmi\u0161ljenih da pobolj\u0161aju va\u0161e \u017eivotno iskustvo do predstoje\u0107ih doga\u0111aja u zajednici koji \u0107e nas sve zbli\u017eiti, imamo mnogo toga \u010demu se mo\u017eemo radovati. <\/p>\n\n<p>Jedan od klju\u010dnih fokusa na\u0161eg tima je osigurati da va\u0161i domovi ne budu samo mjesta za \u017eivot, ve\u0107 i napredna okru\u017eenja u kojima se osje\u0107ate podr\u017eano i povezano. Ovaj bilten je jedan od na\u010dina na koji \u017eelimo njegovati tu povezanost, pru\u017eaju\u0107i vam najnovije informacije, korisne resurse i pri\u010de va\u0161ih sustanara. <\/p>\n\n<p>U ovom izdanju prona\u0107i \u0107ete va\u017ene informacije o sigurnosti u va\u0161im domovima, savjete za predstoje\u0107e odr\u017eavanje i novosti o trenutnim projektima i inicijativama. Tako\u0111er \u017eelimo \u010duti va\u0161e mi\u0161ljenje \u2013 va\u0161e povratne informacije i prijedlozi su neprocjenjivi jer se trudimo ispuniti va\u0161e potrebe i pobolj\u0161ati na\u0161e usluge. Slobodno nam se obratite s bilo kakvim pitanjima ili nedoumicama; tu smo da vam pomognemo.  <\/p>\n\n<p>Dok napredujemo, \u017eelim naglasiti da ste vi u sredi\u0161tu svega \u0161to radimo u County Housingu. Va\u0161a dobrobit nam je glavni prioritet i posve\u0107eni smo neumornom radu na stvaranju sigurnih, gostoljubivih i \u017eivahnih zajednica za vas i va\u0161e porodice. <\/p>\n\n<p>Hvala vam \u0161to ste dio \u017dupanijskog stambenog fonda. Zajedno gradimo svjetliju budu\u0107nost za sve. <\/p>\n\n<p>Srda\u010dan pozdrav,<\/p>\n\n<p>Shannon Koenig<br\/> Izvr\u0161ni direktor, Okru\u017eno stanovanje<\/p>\n\n<div style=\"height:36px\" aria-hidden=\"true\" class=\"wp-block-spacer\"><\/div>\n\n<hr class=\"wp-block-separator has-text-color has-body-copy-color has-alpha-channel-opacity has-body-copy-background-color has-background\"\/>\n\n<div style=\"height:20px\" aria-hidden=\"true\" class=\"wp-block-spacer\"><\/div>\n\n<h3 class=\"wp-block-heading has-body-copy-color has-text-color has-link-color wp-elements-afedf6bff1d8d12cdb3b1cd9ca63781f\" id=\"featureStory\" style=\"font-size:26px\">Glavna pri\u010da<\/h3>\n\n<h3 class=\"wp-block-heading has-teal-color has-text-color has-link-color wp-elements-434e818e4d4e0b820d91c541e5504aa6\"><em>Revitalizacija na\u0161e zajednice: Transformacija porodi\u010dnih domova u Wellingtonu<\/em><\/h3>\n\n<p>County Housing s ponosom dijeli izvanredno putovanje razvoja Wellington Family Homes u Wellstonu, projekta koji utjelovljuje na\u0161u misiju pru\u017eanja sigurnog i pristupa\u010dnog stanovanja, istovremeno ja\u010daju\u0107i zajednice kojima slu\u017eimo. Ono \u0161to se nekada \u010dinilo kao zastra\u0161uju\u0107i izazov, procvjetalo je u svjetionik nade i obnove za stotine porodica. <\/p>\n\n<figure class=\"wp-block-gallery has-nested-images columns-2 is-cropped wp-block-gallery-1 is-layout-flex wp-block-gallery-is-layout-flex\">\n<figure class=\"wp-block-image size-large\"><img fetchpriority=\"high\" decoding=\"async\" width=\"1024\" height=\"608\" data-id=\"2342\" src=\"https:\/\/countyhousing.org\/wp-content\/uploads\/2024\/07\/tour_dignitaries-at-townhomes-1024x608.jpg\" alt=\"\" class=\"wp-image-2342\" srcset=\"https:\/\/countyhousing.org\/wp-content\/uploads\/2024\/07\/tour_dignitaries-at-townhomes-1024x608.jpg 1024w, https:\/\/countyhousing.org\/wp-content\/uploads\/2024\/07\/tour_dignitaries-at-townhomes-300x178.jpg 300w, https:\/\/countyhousing.org\/wp-content\/uploads\/2024\/07\/tour_dignitaries-at-townhomes-768x456.jpg 768w, https:\/\/countyhousing.org\/wp-content\/uploads\/2024\/07\/tour_dignitaries-at-townhomes.jpg 1200w\" sizes=\"(max-width: 1024px) 100vw, 1024px\" \/><\/figure>\n\n\n\n<figure class=\"wp-block-image size-large\"><img decoding=\"async\" width=\"1024\" height=\"683\" data-id=\"2382\" data-src=\"https:\/\/countyhousing.org\/wp-content\/uploads\/2024\/07\/interior-4-1024x683.jpg\" alt=\"\" class=\"wp-image-2382 lazyload\" data-srcset=\"https:\/\/countyhousing.org\/wp-content\/uploads\/2024\/07\/interior-4-1024x683.jpg 1024w, https:\/\/countyhousing.org\/wp-content\/uploads\/2024\/07\/interior-4-300x200.jpg 300w, https:\/\/countyhousing.org\/wp-content\/uploads\/2024\/07\/interior-4-768x512.jpg 768w, https:\/\/countyhousing.org\/wp-content\/uploads\/2024\/07\/interior-4.jpg 1200w\" data-sizes=\"(max-width: 1024px) 100vw, 1024px\" src=\"data:image\/svg+xml;base64,PHN2ZyB3aWR0aD0iMSIgaGVpZ2h0PSIxIiB4bWxucz0iaHR0cDovL3d3dy53My5vcmcvMjAwMC9zdmciPjwvc3ZnPg==\" style=\"--smush-placeholder-width: 1024px; --smush-placeholder-aspect-ratio: 1024\/683;\" \/><\/figure>\n\n\n\n<figure class=\"wp-block-image size-large\"><img decoding=\"async\" width=\"1024\" height=\"577\" data-id=\"2379\" data-src=\"https:\/\/countyhousing.org\/wp-content\/uploads\/2024\/07\/interior-3-1024x577.jpg\" alt=\"\" class=\"wp-image-2379 lazyload\" data-srcset=\"https:\/\/countyhousing.org\/wp-content\/uploads\/2024\/07\/interior-3-1024x577.jpg 1024w, https:\/\/countyhousing.org\/wp-content\/uploads\/2024\/07\/interior-3-300x169.jpg 300w, https:\/\/countyhousing.org\/wp-content\/uploads\/2024\/07\/interior-3-768x433.jpg 768w, https:\/\/countyhousing.org\/wp-content\/uploads\/2024\/07\/interior-3.jpg 1200w\" data-sizes=\"(max-width: 1024px) 100vw, 1024px\" src=\"data:image\/svg+xml;base64,PHN2ZyB3aWR0aD0iMSIgaGVpZ2h0PSIxIiB4bWxucz0iaHR0cDovL3d3dy53My5vcmcvMjAwMC9zdmciPjwvc3ZnPg==\" style=\"--smush-placeholder-width: 1024px; --smush-placeholder-aspect-ratio: 1024\/577;\" \/><\/figure>\n\n\n\n<figure class=\"wp-block-image size-large\"><img decoding=\"async\" width=\"1024\" height=\"579\" data-id=\"2348\" data-src=\"https:\/\/countyhousing.org\/wp-content\/uploads\/2024\/07\/tour_accssible-home-1024x579.jpg\" alt=\"\" class=\"wp-image-2348 lazyload\" data-srcset=\"https:\/\/countyhousing.org\/wp-content\/uploads\/2024\/07\/tour_accssible-home-1024x579.jpg 1024w, https:\/\/countyhousing.org\/wp-content\/uploads\/2024\/07\/tour_accssible-home-300x170.jpg 300w, https:\/\/countyhousing.org\/wp-content\/uploads\/2024\/07\/tour_accssible-home-768x434.jpg 768w, https:\/\/countyhousing.org\/wp-content\/uploads\/2024\/07\/tour_accssible-home.jpg 1200w\" data-sizes=\"(max-width: 1024px) 100vw, 1024px\" src=\"data:image\/svg+xml;base64,PHN2ZyB3aWR0aD0iMSIgaGVpZ2h0PSIxIiB4bWxucz0iaHR0cDovL3d3dy53My5vcmcvMjAwMC9zdmciPjwvc3ZnPg==\" style=\"--smush-placeholder-width: 1024px; --smush-placeholder-aspect-ratio: 1024\/579;\" \/><\/figure>\n<\/figure>\n\n<h4 class=\"wp-block-heading\"><strong>Ujedinjena zajednica<\/strong><\/h4>\n\n<p>Projekt Wellington Family Homes zapo\u010deo je kao odgovor na hitnu potrebu za pristupa\u010dnim stanovanjem u Wellstonu. Vremenom su mnoge ku\u0107e propale, a budu\u0107nost naselja izgledala je neizvjesno. Ali duh zajednice ostao je nesalomljen. Stanovnici, lokalni lideri i Okru\u017eno stambeno preduze\u0107e udru\u017eili su snage, odlu\u010dni da o\u010duvaju integritet svog naselja i osiguraju kvalitetno stanovanje porodicama koje Wellston nazivaju svojim domom.   <\/p>\n\n<h4 class=\"wp-block-heading\"><strong>Putovanje ka obnovi<\/strong><\/h4>\n\n<p>Ovaj ambiciozni projekat od 44 miliona dolara nije pro\u0161ao bez izazova. Sa skoro 200 domova planiranih za renoviranje, posao je zahtijevao opse\u017eno planiranje, saradnju i posve\u0107enost prevazila\u017eenju prepreka. Na\u0161 tim je neumorno radio kako bi osigurao da renovirani domovi ispunjavaju najvi\u0161e standarde sigurnosti i udobnosti, a istovremeno o\u010duvaju jedinstveni karakter zajednice Wellston.  <\/p>\n\n<p>Danas s odu\u0161evljenjem izvje\u0161tavamo da su se prve porodice po\u010dele useljavati u svoje novo renovirane domove. Domovi su opremljeni modernim sadr\u017eajima, energetski efikasnim sistemima i sigurnosnim karakteristikama, a sve je osmi\u0161ljeno kako bi se osigurala dugoro\u010dna odr\u017eivost. <\/p>\n\n<h4 class=\"wp-block-heading\"><strong>Pogled unaprijed<\/strong><\/h4>\n\n<p>Zavr\u0161etak projekta Wellington Family Homes svjedo\u010di o tome \u0161ta se mo\u017ee posti\u0107i kada se zajednica ujedini oko zajedni\u010dke vizije. To je ujedno i sna\u017ean podsjetnik na kontinuiranu posve\u0107enost County Housinga stvaranju i odr\u017eavanju pristupa\u010dnog stanovanja u St. Louisu. Dok gledamo u budu\u0107nost, ostajemo posve\u0107eni podr\u0161ci stanovnicima Wellstona i drugih zajednica \u0161irom regije.  <\/p>\n\n<p>Ovaj projekat je samo jedan primjer pozitivnog uticaja koji nastojimo ostvariti svaki dan. Kroz partnerstva, inovacije i duboku posve\u0107enost na\u0161oj misiji, County Housing \u0107e nastaviti graditi svjetliju i pravedniju budu\u0107nost za sve stanovnike St. Louisa. <\/p>\n\n<h4 class=\"wp-block-heading\"><strong>Pridru\u017eite se listi \u010dekanja za Wellington Family Homes!<\/strong><\/h4>\n\n<p>Uzbu\u0111eni smo \u0161to mo\u017eemo objaviti da trenutno ima slobodnih mjesta na na\u0161oj listi \u010dekanja za Wellington Family Homes! Ako vi ili neko koga poznajete tra\u017eite siguran i pristupa\u010dan smje\u0161taj u podr\u017eavaju\u0107oj zajednici, pozivamo vas da napravite prvi korak tako \u0161to \u0107ete se pridru\u017eiti na\u0161oj listi \u010dekanja. <\/p>\n\n<p>Da biste se pridru\u017eili listi \u010dekanja i saznali vi\u0161e o na\u0161im mogu\u0107nostima stanovanja, posjetite <a href=\"https:\/\/www.wellingtonfamilyhomes.com\/\" target=\"_blank\" rel=\"noreferrer noopener\">https:\/\/www.wellingtonfamilyhomes.com\/<\/a> .<\/p>\n\n<div style=\"height:36px\" aria-hidden=\"true\" class=\"wp-block-spacer\"><\/div>\n\n<hr class=\"wp-block-separator has-text-color has-body-copy-color has-alpha-channel-opacity has-body-copy-background-color has-background\"\/>\n\n<div style=\"height:20px\" aria-hidden=\"true\" class=\"wp-block-spacer\"><\/div>\n\n<h3 class=\"wp-block-heading has-body-copy-color has-text-color has-link-color wp-elements-3cc9c1eee37bff017f15e82200ef3a30\" id=\"safeandsound\" style=\"font-size:26px\">Sigurno i zdravo<\/h3>\n\n<h3 class=\"wp-block-heading has-medium-dark-blue-color has-text-color has-link-color wp-elements-36d0e9b11bac1e1ce724be0adc2234d5\"><em>Pobolj\u0161anje sigurnosti stanovnika u stambenom sektoru okruga<\/em><\/h3>\n\n<p>U County Housingu, na\u0161 glavni prioritet je osiguranje sigurnosti i dobrobiti na\u0161ih stanovnika. Posve\u0107eni smo stvaranju sigurnog \u017eivotnog okru\u017eenja i osna\u017eivanju na\u0161e zajednice alatima i znanjem potrebnim za o\u010duvanje sigurnosti. <\/p>\n\n<h3 class=\"wp-block-heading has-medium-green-color has-text-color has-link-color has-large-font-size wp-elements-7cd7e7981e46909110de5b7679537dd4\">Oktobar je mjesec za\u0161tite od po\u017eara!<\/h3>\n\n<p>Osiguravanje da je va\u0161 dom pripremljen za hitne slu\u010dajeve je klju\u010dno. Poti\u010demo sve stanare da osiguraju sigurnost svog doma. Obavezno provjerite da li detektori dima rade, da li imate planove za evakuaciju u slu\u010daju po\u017eara i da li vam je aparat za ga\u0161enje po\u017eara lako dostupan. Odr\u017eavanje sigurnosti va\u0161eg doma zna\u010di biti proaktivan i informiran.   <\/p>\n\n<h4 class=\"wp-block-heading has-pink-color has-text-color has-link-color wp-elements-9cb21bfbc45c86e2dce57c1338d6c047\"><strong>Evo nekoliko savjeta o za\u0161titi od po\u017eara:<\/strong><\/h4>\n\n<ul class=\"wp-block-list\">\n<li>Dr\u017eite zapaljive materijale dalje od izvora toplote i otvorenog plamena.<\/li>\n\n\n\n<li>Ne preoptere\u0107ujte elektri\u010dne uti\u010dnice i produ\u017ene kablove i redovno provjeravajte i odr\u017eavajte elektri\u010dne sisteme i ure\u0111aje.<\/li>\n\n\n\n<li>Imajte ispravan aparat za ga\u0161enje po\u017eara na svakom spratu va\u0161eg doma, posebno u kuhinji, i dr\u017eite ga pri ruci.<\/li>\n\n\n\n<li>Testirajte detektore po\u017eara i uglji\u010dnog monoksida.<\/li>\n\n\n\n<li>Uklonite nered koji mo\u017ee postati izvor goriva u po\u017earu i ograni\u010diti pristup opremi za hitne slu\u010dajeve i izlaznim putevima.<\/li>\n<\/ul>\n\n<p>Po\u017eari u kuhinjama su jedan od vode\u0107ih uzroka po\u017eara u ku\u0107ama, a njihovo sprje\u010davanje je glavni prioritet za sve nas. Kako bismo podr\u017eali ovaj napor, istakli smo tri klju\u010dna sigurnosna savjeta koja su neophodna za sprje\u010davanje po\u017eara u kuhinjama: <\/p>\n\n<h4 class=\"wp-block-heading has-teal-color has-text-color has-link-color wp-elements-135c0ec160a228c155f1ddb9ea08b947\"><strong>3 najbolja savjeta za sigurnost kuhanja u doma\u0107instvu<\/strong><\/h4>\n\n<ol class=\"wp-block-list\">\n<li><strong>Ostanite u kuhinji:<\/strong> Va\u017eno je da nikada ne ostavljate hranu koja se kuha bez nadzora. Ako se morate udaljiti, \u010dak i na kratko, obavezno isklju\u010dite \u0161poret kako biste sprije\u010dili nezgode. <\/li>\n\n\n\n<li><strong>Dr\u017eite zapaljive predmete podalje:<\/strong> Pazite da ru\u010dnike, dr\u017ea\u010de za lonce i druge zapaljive predmete dr\u017eite dalje od \u0161poreta i drugih izvora toplote kako biste izbjegli rizik od po\u017eara.<\/li>\n\n\n\n<li><strong>Koristite tajmer:<\/strong> Uvijek koristite tajmer da se podsjetite da kuhate, posebno prilikom kuhanja na laganoj vatri, pe\u010denja ili pr\u017eenja. To je jednostavan na\u010din da ostanete svjesni i sprije\u010dite izbijanje po\u017eara. <\/li>\n<\/ol>\n\n<h3 class=\"wp-block-heading has-medium-dark-blue-color has-text-color has-link-color has-large-font-size wp-elements-3c8917e60a444331444dbdb19b868ad7\">Izvje\u0161tavanje i podr\u0161ka<\/h3>\n\n<p>Va\u0161a sigurnost je na\u0161a briga. Ako primijetite ne\u0161to neobi\u010dno ili imate pitanja u vezi sa sigurno\u0161\u0107u, slobodno nas kontaktirajte. Na\u0161 tim je tu da vas podr\u017ei i rije\u0161i sve va\u0161e nedoumice. Zapamtite, sigurnost je zajedni\u010dka odgovornost i zajedno mo\u017eemo osigurati da na\u0161a zajednica ostane sigurno i zdravo mjesto za \u017eivot.   <\/p>\n\n<p>Hvala vam \u0161to ste aktivni dio na\u0161e zajednice i \u0161to nam poma\u017eete da \u017dupanijski smje\u0161taj bude sigurno i gostoljubivo okru\u017eenje za sve.<\/p>\n\n<p>Ostanite sigurni i zdravi!<\/p>\n\n<div style=\"height:36px\" aria-hidden=\"true\" class=\"wp-block-spacer\"><\/div>\n\n<hr class=\"wp-block-separator has-text-color has-body-copy-color has-alpha-channel-opacity has-body-copy-background-color has-background\"\/>\n\n<div style=\"height:20px\" aria-hidden=\"true\" class=\"wp-block-spacer\"><\/div>\n\n<h2 class=\"wp-block-heading has-body-copy-color has-text-color has-link-color wp-elements-f53ca033df4e4abe1f19308eacfd0d9d\" id=\"communityConnect\" style=\"font-size:26px\">Povezivanje zajednice<\/h2>\n\n<h3 class=\"wp-block-heading has-medium-green-color has-text-color has-link-color wp-elements-ad1e22b64094e59728cc2f111b2c6d3c\"><em>Zajedno podr\u017eavamo na\u0161u zajednicu.<\/em><\/h3>\n\n<p>Dobrodo\u0161li u &#8220;Community Connect&#8221;, odjeljak posve\u0107en zajedni\u010dkoj podr\u0161ci na\u0161oj stambenoj zajednici okruga. Ovdje \u0107ete prona\u0107i resurse, doga\u0111aje i inicijative osmi\u0161ljene da oja\u010daju na\u0161a susjedstva, njeguju veze i pru\u017ee vam alate i informacije koje su vam potrebne. Zajedno mo\u017eemo nastaviti graditi uspje\u0161nu zajednicu u kojoj svi imaju priliku za uspjeh.  <\/p>\n\n<div style=\"height:30px\" aria-hidden=\"true\" class=\"wp-block-spacer\"><\/div>\n\n<figure class=\"wp-block-image size-large is-resized\"><img decoding=\"async\" width=\"1024\" height=\"584\" data-src=\"https:\/\/countyhousing.org\/wp-content\/uploads\/2024\/10\/Heat-Up-STL-Logo-1-1024x584.png\" alt=\"Zagrijte St. Louis\" class=\"wp-image-2737 lazyload\" style=\"--smush-placeholder-width: 1024px; --smush-placeholder-aspect-ratio: 1024\/584;width:200px\" data-srcset=\"https:\/\/countyhousing.org\/wp-content\/uploads\/2024\/10\/Heat-Up-STL-Logo-1-1024x584.png 1024w, https:\/\/countyhousing.org\/wp-content\/uploads\/2024\/10\/Heat-Up-STL-Logo-1-300x171.png 300w, https:\/\/countyhousing.org\/wp-content\/uploads\/2024\/10\/Heat-Up-STL-Logo-1-768x438.png 768w, https:\/\/countyhousing.org\/wp-content\/uploads\/2024\/10\/Heat-Up-STL-Logo-1-1536x877.png 1536w, https:\/\/countyhousing.org\/wp-content\/uploads\/2024\/10\/Heat-Up-STL-Logo-1.png 2048w\" data-sizes=\"(max-width: 1024px) 100vw, 1024px\" src=\"data:image\/svg+xml;base64,PHN2ZyB3aWR0aD0iMSIgaGVpZ2h0PSIxIiB4bWxucz0iaHR0cDovL3d3dy53My5vcmcvMjAwMC9zdmciPjwvc3ZnPg==\" \/><\/figure>\n\n<h3 class=\"wp-block-heading has-body-copy-color has-text-color has-link-color wp-elements-880b59e8557aa19055aaa07f09cc135a\" style=\"font-size:26px\">Trebate li pomo\u0107 s ra\u010dunima za komunalije?<\/h3>\n\n<p>Ako ste vi ili neko koga poznajete starija osoba, odrasla osoba s invaliditetom ili osoba ili porodica s niskim do srednjim primanjima kojoj je potrebna pomo\u0107 s komunalijama, pomo\u0107 je dostupna. <a href=\"https:\/\/HeatUpStLouis.org\" target=\"_blank\" rel=\"noreferrer noopener\">HeatUpStLouis.org<\/a> nudi podr\u0161ku onima koji se suo\u010davaju s financijskim ili zdravstvenim pote\u0161ko\u0107ama.<\/p>\n\n<p><strong>Ne treba vam obavje\u0161tenje o isklju\u010denju.<em> <\/em><\/strong>Ali morate slijediti upute i dostaviti dokaz o prihodima. Tako\u0111er, nastavite provjeravati njihovu web stranicu za na\u0161u najnoviju lokaciju za one koji nisu vje\u0161ti u kori\u0161tenju mobilnih telefona, tableta, laptopa ili desktop ra\u010dunara. <\/p>\n\n<p>Da biste zatra\u017eili pomo\u0107, posjetite <a href=\"https:\/\/HeatUpStLouis.org\" target=\"_blank\" rel=\"noreferrer noopener\">HeatUpStLouis.org<\/a> i odaberite opciju &#8220;Zahtjev za komunalne usluge&#8221;. Va\u0161i podaci \u0107e biti povjerljivi i kori\u0161teni samo za napore u pru\u017eanju energetske pomo\u0107i. HUSTL tim za komunalne usluge \u0107e nastojati da obradi va\u0161 zahtjev \u0161to je prije mogu\u0107e. Ne ustru\u010davajte se potra\u017eiti pomo\u0107 koja vam je potrebna!   <\/p>\n\n<div style=\"height:30px\" aria-hidden=\"true\" class=\"wp-block-spacer\"><\/div>\n\n<figure class=\"wp-block-image size-large is-resized\"><a href=\"http:\/\/stlfoodbank.org\/find-food\" target=\"_blank\" rel=\"noreferrer noopener\"><img decoding=\"async\" width=\"1024\" height=\"492\" data-src=\"https:\/\/countyhousing.org\/wp-content\/uploads\/2024\/10\/Foodbank-logo-1024x492.jpg\" alt=\"Banka hrane podru&#x10D;ja St. Louisa\" class=\"wp-image-2743 lazyload\" style=\"--smush-placeholder-width: 1024px; --smush-placeholder-aspect-ratio: 1024\/492;width:200px\" data-srcset=\"https:\/\/countyhousing.org\/wp-content\/uploads\/2024\/10\/Foodbank-logo-1024x492.jpg 1024w, https:\/\/countyhousing.org\/wp-content\/uploads\/2024\/10\/Foodbank-logo-300x144.jpg 300w, https:\/\/countyhousing.org\/wp-content\/uploads\/2024\/10\/Foodbank-logo-768x369.jpg 768w, https:\/\/countyhousing.org\/wp-content\/uploads\/2024\/10\/Foodbank-logo.jpg 1527w\" data-sizes=\"(max-width: 1024px) 100vw, 1024px\" src=\"data:image\/svg+xml;base64,PHN2ZyB3aWR0aD0iMSIgaGVpZ2h0PSIxIiB4bWxucz0iaHR0cDovL3d3dy53My5vcmcvMjAwMC9zdmciPjwvc3ZnPg==\" \/><\/a><\/figure>\n\n<h3 class=\"wp-block-heading has-body-copy-color has-text-color has-link-color wp-elements-12fb1727096568c58a9ea70f40eb46ad\" style=\"font-size:26px\">Prona\u0111ite pomo\u0107 koja vam je potrebna<\/h3>\n\n<p>Ako vama ili nekome koga poznajete treba pomo\u0107 s hranom, Banka hrane podru\u010dja St. Louisa nudi vrijedne resurse koji \u0107e vam pomo\u0107i da do\u0111ete do namirnica i obroka.<\/p>\n\n<h4 class=\"wp-block-heading has-teal-color has-text-color has-link-color wp-elements-b54bcaa273a9fe81b2c93dc3968944e8\"><strong>Da biste prona\u0161li podr\u0161ku u va\u0161oj blizini:<\/strong><\/h4>\n\n<p>1. Posjetite <a href=\"http:\/\/stlfoodbank.org\/find-food\" target=\"_blank\" rel=\"noreferrer noopener\">stlfoodbank.org\/find-food<\/a><\/p>\n\n<p>2. Koristite alat &#8220;Prona\u0111i prodavnicu namirnica&#8221; da biste prona\u0161li obli\u017enje prodavnice namirnica.<\/p>\n\n<p>3. Ozna\u010dite pretragu &#8220;Posjetite doga\u0111aj distribucije hrane&#8221; da biste vidjeli nadolaze\u0107e doga\u0111aje u va\u0161em podru\u010dju.<\/p>\n\n<p>Bez obzira da li vam je potrebna hitna pomo\u0107 ili planirate unaprijed, ovi resursi su tu da pomognu vama i va\u0161oj porodici.<\/p>\n\n<div style=\"height:36px\" aria-hidden=\"true\" class=\"wp-block-spacer\"><\/div>\n\n<hr class=\"wp-block-separator has-text-color has-body-copy-color has-alpha-channel-opacity has-body-copy-background-color has-background\"\/>\n\n<div style=\"height:20px\" aria-hidden=\"true\" class=\"wp-block-spacer\"><\/div>\n\n<h3 class=\"wp-block-heading has-body-copy-color has-text-color has-link-color wp-elements-707f3d412ea50411938be9d802cb4412\" id=\"maintenanceMatters\" style=\"font-size:26px\">Odr\u017eavanje je va\u017eno<\/h3>\n\n<h3 class=\"wp-block-heading has-medium-dark-blue-color has-text-color has-link-color wp-elements-754fb6d879dbb5d9a815302a80ea0d5a\"><em>Odr\u017eavanje va\u0161eg doma u vrhunskom stanju<\/em><\/h3>\n\n<p>U County Housingu vjerujemo da je dobro odr\u017eavan dom temelj sretnog i zdravog \u017eivotnog okru\u017eenja.<\/p>\n\n<h4 class=\"wp-block-heading has-medium-green-color has-text-color has-link-color wp-elements-002f6ab513b74b513b59a36d714dc472\"><strong>Popravke i odr\u017eavanje<\/strong><\/h4>\n\n<p>Redovno odr\u017eavanje je klju\u010dno za udobnost i funkcionalnost va\u0161eg doma. Na\u0161 tim za odr\u017eavanje je odgovoran za obavljanje rutinskih popravki i sezonskih pregleda kako bi se osiguralo da je va\u0161 \u017eivotni prostor dobro odr\u017eavan. Bilo da se radi o curenju slavine, problemima sa HVAC sistemom ili pokvarenim ure\u0111ajem, \u017eelimo efikasno i djelotvorno rije\u0161iti ove probleme. Ne ustru\u010davajte se obratiti se svom upravitelju imovine za sve potrebe odr\u017eavanja kako biste sprije\u010dili ve\u0107e probleme i odr\u017eali svoj dom u dobrom stanju.   <\/p>\n\n<h4 class=\"wp-block-heading has-pink-color has-text-color has-link-color wp-elements-a5b3fa36c6701965b4d72f6c2b4dfe00\"><strong>Kontakt informacije<\/strong><\/h4>\n\n<p>Ako ste stanovnik naselja <strong>Villa Lago, Fee Fee Manor, Arbor Hill ili NSP<\/strong> , pozovite <strong>314-788-6458.<\/strong><\/p>\n\n<p>Ako ste stanovnik <strong>Pagedalea<\/strong> , <strong>Olivettea<\/strong> , <strong>Hillsdalea<\/strong> ili <strong>Highviewa<\/strong> (uklju\u010duju\u0107i i ra\u0161trkana mjesta), pozovite <strong>314-912-7958<\/strong> .<\/p>\n\n<p><strong>Telefon za hitne slu\u010dajeve odr\u017eavanja: 314-492-3811<\/strong><\/p>\n\n<ul class=\"wp-block-list\">\n<li><strong>Dostupno:<\/strong> od ponedjeljka do petka, od 16:30 do 8:30 sati<\/li>\n\n\n\n<li><strong>Vikendom:<\/strong> Pokrivenost 24\/7<\/li>\n<\/ul>\n\n<h4 class=\"wp-block-heading has-teal-color has-text-color has-link-color wp-elements-a54e1a844f9afcccb48f9bce3694d6d5\"><strong>Tu smo da pomognemo!<\/strong><\/h4>\n\n<p>Na\u0161 cilj je osigurati vam sigurno i ugodno \u017eivotno okru\u017eenje. Va\u0161e zadovoljstvo nam je prioritet i tu smo da vam pomognemo sa svim potrebama odr\u017eavanja koje imate. Molimo vas da nam se obratite sa svim pitanjima, nedoumicama ili zahtjevima. Uvijek smo spremni da vam pomognemo i osiguramo da va\u0161 dom ostane u odli\u010dnom stanju.   <\/p>\n\n<p>Hvala vam \u0161to ste neizostavni dio na\u0161e zajednice. Zajedno mo\u017eemo odr\u017eati va\u0161 dom i susjedstvo odli\u010dnim mjestom za \u017eivot. <\/p>\n\n<p>Srda\u010dan pozdrav,<br\/> Tim za odr\u017eavanje stambenog prostora okruga<\/p>\n\n<div style=\"height:36px\" aria-hidden=\"true\" class=\"wp-block-spacer\"><\/div>\n\n<hr class=\"wp-block-separator has-text-color has-body-copy-color has-alpha-channel-opacity has-body-copy-background-color has-background\"\/>\n\n<div style=\"height:40px\" aria-hidden=\"true\" class=\"wp-block-spacer\"><\/div>\n\n<figure class=\"wp-block-image size-full is-resized\"><a href=\"https:\/\/www.hud.gov\/i_want_to\/file_a_fair_housing_discrimination_complaint\" target=\"_blank\" rel=\"noreferrer noopener\"><img decoding=\"async\" width=\"600\" height=\"573\" data-src=\"https:\/\/countyhousing.org\/wp-content\/uploads\/2024\/10\/EqualHousingLogo.png\" alt=\"\" class=\"wp-image-2731 lazyload\" style=\"--smush-placeholder-width: 600px; --smush-placeholder-aspect-ratio: 600\/573;width:120px\" data-srcset=\"https:\/\/countyhousing.org\/wp-content\/uploads\/2024\/10\/EqualHousingLogo.png 600w, https:\/\/countyhousing.org\/wp-content\/uploads\/2024\/10\/EqualHousingLogo-300x287.png 300w\" data-sizes=\"(max-width: 600px) 100vw, 600px\" src=\"data:image\/svg+xml;base64,PHN2ZyB3aWR0aD0iMSIgaGVpZ2h0PSIxIiB4bWxucz0iaHR0cDovL3d3dy53My5vcmcvMjAwMC9zdmciPjwvc3ZnPg==\" \/><\/a><\/figure>\n\n<h3 class=\"wp-block-heading has-light-blue-color has-text-color has-link-color wp-elements-8f8400613048f5d1a779606f1f6d3939\" id=\"fairHousingFact\"><em>\u010cinjenica o pravednom stanovanju: Znajte svoja prava!<\/em><\/h3>\n\n<p>Da li ste znali da je, prema Zakonu o pravi\u010dnom stanovanju, nezakonito diskriminirati u stanovanju na osnovu rase, boje ko\u017ee, nacionalnog porijekla, religije, spola, invaliditeta ili porodi\u010dnog statusa? To zna\u010di da stanodavci i pru\u017eaoci usluga stanovanja ne mogu vas nepravedno tretirati zbog ovih karakteristika kada je u pitanju iznajmljivanje, kupovina ili obezbje\u0111ivanje kredita za ku\u0107u. <\/p>\n\n<p>Ako smatrate da su va\u0161a prava prekr\u0161ena, mo\u017eete podnijeti \u017ealbu Ministarstvu za stanovanje i urbani razvoj SAD-a (HUD). Svi zaslu\u017euju jednak pristup sigurnom i pristupa\u010dnom stanovanju! <\/p>\n\n<p>Budite informirani, znajte svoja prava i za\u0161titite svoje stambene mogu\u0107nosti!<\/p>\n\n<p>Ako smatrate da ste do\u017eivjeli diskriminaciju u stanovanju, va\u017eno je poduzeti mjere. Mo\u017eete podnijeti \u017ealbu Ministarstvu za stanovanje i urbani razvoj SAD-a (HUD) kako biste prijavili bilo kakvo kr\u0161enje va\u0161ih prava. Da biste saznali vi\u0161e o postupku i podnijeli \u017ealbu, posjetite <a href=\"https:\/\/www.hud.gov\/i_want_to\/file_a_fair_housing_discrimination_complaint\" target=\"_blank\" rel=\"noreferrer noopener\">HUD-ovu stranicu o pravednom stanovanju<\/a> . Zapamtite, svi zaslu\u017euju jednak pristup sigurnom i pristupa\u010dnom stanovanju, stoga ostanite informirani i zagovarajte svoja prava!   <\/p>\n\n<div style=\"height:36px\" aria-hidden=\"true\" class=\"wp-block-spacer\"><\/div>\n\n<hr class=\"wp-block-separator has-text-color has-body-copy-color has-alpha-channel-opacity has-body-copy-background-color has-background\"\/>\n\n<div style=\"height:20px\" aria-hidden=\"true\" class=\"wp-block-spacer\"><\/div>\n\n<h3 class=\"wp-block-heading has-medium-green-color has-text-color has-link-color wp-elements-cced71f59c453cff62da9d2dcedd275b\" id=\"updatesAndAnnouncements\"><em>A\u017euriranja i najave<\/em><\/h3>\n\n<h4 class=\"wp-block-heading has-medium-dark-blue-color has-text-color has-link-color wp-elements-798e196f4119ad5c5dc325397cc65581\"><strong><strong>A\u017eurirana pravila o prijemu i nastavku boravka (ACOP) dostupna su online<\/strong><\/strong><\/h4>\n\n<p>\u017delimo vas obavijestiti da je a\u017eurirana verzija nacrta ACOP-a sada dostupna na na\u0161oj web stranici. Ovaj dokument uklju\u010duje nekoliko va\u017enih promjena, stoga vas poti\u010demo da pregledate plan kako biste ostali informirani o na\u0161im politikama i procedurama. Posjetite <a href=\"https:\/\/countyhousing.org\/bs\/\" target=\"_blank\" rel=\"noreferrer noopener\">countyhousing.org<\/a> da biste pristupili cijelom dokumentu.  <\/p>\n\n<h4 class=\"wp-block-heading has-teal-color has-text-color has-link-color wp-elements-46a41b3e0fa4920aca0f5e663176e877\">Obavje\u0161tenje o <strong>sastanku Savjetodavnog odbora stanara<\/strong><\/h4>\n\n<p>Datum: 23. oktobar 2024.<br\/> Vrijeme: 15:00<\/p>\n\n<p>Pozivamo vas da se pridru\u017eite predstoje\u0107em <strong>sastanku Savjetodavnog odbora stanara<\/strong> , koji \u0107e se odr\u017eati u hibridnom formatu. Prisustvujte li\u010dno ili nam se pridru\u017eite virtualno &#8211; \u0161ta god vam najvi\u0161e odgovara! Svi su dobrodo\u0161li!  <\/p>\n\n<p><strong>Lokacija za li\u010dno prisustvovanje:<\/strong><br\/> \u017dupanijski ured za stanovanje<br\/> 8865 Prirodni mostni put<br\/> St. Louis, MO 63121  <\/p>\n\n<p><strong>Virtualno prisustvo putem Microsoft Teamsa:<\/strong><br\/> ID sastanka: 251 641 255 218<br\/> \u0160ifra: v58DQg<\/p>\n\n<p><strong>Radujemo se va\u0161em u\u010de\u0161\u0107u i doprinosu! Va\u0161 glas je va\u017ean u oblikovanju budu\u0107nosti na\u0161e zajednice. <strong>Molimo vas da potvrdite dolazak Kawanni Tate, direktorici Uprave za stanovanje, na <a href=\"mailto:kawannat@countyhousing.org\">kawannat@countyhousing.org.<\/a><\/strong> <\/strong><\/p>\n\n<div style=\"height:100px\" aria-hidden=\"true\" class=\"wp-block-spacer\"><\/div>\n","protected":false},"excerpt":{"rendered":"<p>Bilten za stanare javnog stanovanja za oktobar 2024.<\/p>\n","protected":false},"author":1,"featured_media":2716,"comment_status":"closed","ping_status":"closed","sticky":false,"template":"","format":"standard","meta":{"_acf_changed":false,"footnotes":"","_classifai_error":"","_classifai_text_to_speech_error":"","_classifai_text_to_speech_scheduled":false},"categories":[110],"tags":[],"class_list":["post-3272","post","type-post","status-publish","format-standard","has-post-thumbnail","hentry","category-uncategorized-bs"],"acf":[],"yoast_head":"<!-- This site is optimized with the Yoast SEO plugin v27.4 - https:\/\/yoast.com\/product\/yoast-seo-wordpress\/ -->\n<title>Veza stanara - County Housing<\/title>\n<meta name=\"robots\" content=\"index, follow, max-snippet:-1, max-image-preview:large, max-video-preview:-1\" \/>\n<link rel=\"canonical\" href=\"https:\/\/countyhousing.org\/bs\/veza-stanara-4\/\" \/>\n<meta property=\"og:locale\" content=\"bs_BA\" \/>\n<meta property=\"og:type\" content=\"article\" \/>\n<meta property=\"og:title\" content=\"Veza stanara - County Housing\" \/>\n<meta property=\"og:description\" content=\"Bilten za stanare javnog stanovanja za oktobar 2024.\" \/>\n<meta property=\"og:url\" content=\"https:\/\/countyhousing.org\/bs\/veza-stanara-4\/\" \/>\n<meta property=\"og:site_name\" content=\"County Housing\" \/>\n<meta property=\"article:published_time\" content=\"2024-10-29T13:00:00+00:00\" \/>\n<meta property=\"article:modified_time\" content=\"2025-05-07T20:16:26+00:00\" \/>\n<meta property=\"og:image\" content=\"https:\/\/countyhousing.org\/wp-content\/uploads\/2024\/10\/CH-hdr.jpg\" \/>\n\t<meta property=\"og:image:width\" content=\"1200\" \/>\n\t<meta property=\"og:image:height\" content=\"630\" \/>\n\t<meta property=\"og:image:type\" content=\"image\/jpeg\" \/>\n<meta name=\"author\" content=\"countyhousistg\" \/>\n<meta name=\"twitter:card\" content=\"summary_large_image\" \/>\n<meta name=\"twitter:label1\" content=\"Written by\" \/>\n\t<meta name=\"twitter:data1\" content=\"countyhousistg\" \/>\n\t<meta name=\"twitter:label2\" content=\"Est. reading time\" \/>\n\t<meta name=\"twitter:data2\" content=\"11 minuta\" \/>\n<script type=\"application\/ld+json\" class=\"yoast-schema-graph\">{\"@context\":\"https:\\\/\\\/schema.org\",\"@graph\":[{\"@type\":\"Article\",\"@id\":\"https:\\\/\\\/countyhousing.org\\\/bs\\\/veza-stanara-4\\\/#article\",\"isPartOf\":{\"@id\":\"https:\\\/\\\/countyhousing.org\\\/bs\\\/veza-stanara-4\\\/\"},\"author\":{\"name\":\"countyhousistg\",\"@id\":\"https:\\\/\\\/countyhousing.org\\\/bs\\\/#\\\/schema\\\/person\\\/329b4bf92d32839b09b9823303d7250e\"},\"headline\":\"Veza stanara\",\"datePublished\":\"2024-10-29T13:00:00+00:00\",\"dateModified\":\"2025-05-07T20:16:26+00:00\",\"mainEntityOfPage\":{\"@id\":\"https:\\\/\\\/countyhousing.org\\\/bs\\\/veza-stanara-4\\\/\"},\"wordCount\":2268,\"publisher\":{\"@id\":\"https:\\\/\\\/countyhousing.org\\\/bs\\\/#organization\"},\"image\":{\"@id\":\"https:\\\/\\\/countyhousing.org\\\/bs\\\/veza-stanara-4\\\/#primaryimage\"},\"thumbnailUrl\":\"https:\\\/\\\/countyhousing.org\\\/wp-content\\\/uploads\\\/2024\\\/10\\\/CH-hdr.jpg\",\"articleSection\":[\"Uncategorized @bs\"],\"inLanguage\":\"bs-BA\"},{\"@type\":\"WebPage\",\"@id\":\"https:\\\/\\\/countyhousing.org\\\/bs\\\/veza-stanara-4\\\/\",\"url\":\"https:\\\/\\\/countyhousing.org\\\/bs\\\/veza-stanara-4\\\/\",\"name\":\"Veza stanara - County Housing\",\"isPartOf\":{\"@id\":\"https:\\\/\\\/countyhousing.org\\\/bs\\\/#website\"},\"primaryImageOfPage\":{\"@id\":\"https:\\\/\\\/countyhousing.org\\\/bs\\\/veza-stanara-4\\\/#primaryimage\"},\"image\":{\"@id\":\"https:\\\/\\\/countyhousing.org\\\/bs\\\/veza-stanara-4\\\/#primaryimage\"},\"thumbnailUrl\":\"https:\\\/\\\/countyhousing.org\\\/wp-content\\\/uploads\\\/2024\\\/10\\\/CH-hdr.jpg\",\"datePublished\":\"2024-10-29T13:00:00+00:00\",\"dateModified\":\"2025-05-07T20:16:26+00:00\",\"breadcrumb\":{\"@id\":\"https:\\\/\\\/countyhousing.org\\\/bs\\\/veza-stanara-4\\\/#breadcrumb\"},\"inLanguage\":\"bs-BA\",\"potentialAction\":[{\"@type\":\"ReadAction\",\"target\":[\"https:\\\/\\\/countyhousing.org\\\/bs\\\/veza-stanara-4\\\/\"]}]},{\"@type\":\"ImageObject\",\"inLanguage\":\"bs-BA\",\"@id\":\"https:\\\/\\\/countyhousing.org\\\/bs\\\/veza-stanara-4\\\/#primaryimage\",\"url\":\"https:\\\/\\\/countyhousing.org\\\/wp-content\\\/uploads\\\/2024\\\/10\\\/CH-hdr.jpg\",\"contentUrl\":\"https:\\\/\\\/countyhousing.org\\\/wp-content\\\/uploads\\\/2024\\\/10\\\/CH-hdr.jpg\",\"width\":1200,\"height\":630},{\"@type\":\"BreadcrumbList\",\"@id\":\"https:\\\/\\\/countyhousing.org\\\/bs\\\/veza-stanara-4\\\/#breadcrumb\",\"itemListElement\":[{\"@type\":\"ListItem\",\"position\":1,\"name\":\"Home\",\"item\":\"https:\\\/\\\/countyhousing.org\\\/bs\\\/pocetna-stranica\\\/\"},{\"@type\":\"ListItem\",\"position\":2,\"name\":\"Veza stanara\"}]},{\"@type\":\"WebSite\",\"@id\":\"https:\\\/\\\/countyhousing.org\\\/bs\\\/#website\",\"url\":\"https:\\\/\\\/countyhousing.org\\\/bs\\\/\",\"name\":\"County Housing\",\"description\":\"The Housing Authority of St. Louis County\",\"publisher\":{\"@id\":\"https:\\\/\\\/countyhousing.org\\\/bs\\\/#organization\"},\"potentialAction\":[{\"@type\":\"SearchAction\",\"target\":{\"@type\":\"EntryPoint\",\"urlTemplate\":\"https:\\\/\\\/countyhousing.org\\\/bs\\\/?s={search_term_string}\"},\"query-input\":{\"@type\":\"PropertyValueSpecification\",\"valueRequired\":true,\"valueName\":\"search_term_string\"}}],\"inLanguage\":\"bs-BA\"},{\"@type\":\"Organization\",\"@id\":\"https:\\\/\\\/countyhousing.org\\\/bs\\\/#organization\",\"name\":\"County Housing\",\"url\":\"https:\\\/\\\/countyhousing.org\\\/bs\\\/\",\"logo\":{\"@type\":\"ImageObject\",\"inLanguage\":\"bs-BA\",\"@id\":\"https:\\\/\\\/countyhousing.org\\\/bs\\\/#\\\/schema\\\/logo\\\/image\\\/\",\"url\":\"https:\\\/\\\/countyhousing.org\\\/wp-content\\\/uploads\\\/2023\\\/12\\\/CH_Logo_Horizontal_Web_03-1.png\",\"contentUrl\":\"https:\\\/\\\/countyhousing.org\\\/wp-content\\\/uploads\\\/2023\\\/12\\\/CH_Logo_Horizontal_Web_03-1.png\",\"width\":279,\"height\":100,\"caption\":\"County Housing\"},\"image\":{\"@id\":\"https:\\\/\\\/countyhousing.org\\\/bs\\\/#\\\/schema\\\/logo\\\/image\\\/\"}},{\"@type\":\"Person\",\"@id\":\"https:\\\/\\\/countyhousing.org\\\/bs\\\/#\\\/schema\\\/person\\\/329b4bf92d32839b09b9823303d7250e\",\"name\":\"countyhousistg\",\"image\":{\"@type\":\"ImageObject\",\"inLanguage\":\"bs-BA\",\"@id\":\"https:\\\/\\\/secure.gravatar.com\\\/avatar\\\/9d36136dff7fb82b2d9d8f2dc13380a1856275c95488f878ed837557a1a942d0?s=96&d=mm&r=g\",\"url\":\"https:\\\/\\\/secure.gravatar.com\\\/avatar\\\/9d36136dff7fb82b2d9d8f2dc13380a1856275c95488f878ed837557a1a942d0?s=96&d=mm&r=g\",\"contentUrl\":\"https:\\\/\\\/secure.gravatar.com\\\/avatar\\\/9d36136dff7fb82b2d9d8f2dc13380a1856275c95488f878ed837557a1a942d0?s=96&d=mm&r=g\",\"caption\":\"countyhousistg\"},\"sameAs\":[\"https:\\\/\\\/countyhousing.org\"],\"url\":\"https:\\\/\\\/countyhousing.org\\\/bs\\\/author\\\/countyhousistg\\\/\"}]}<\/script>\n<!-- \/ Yoast SEO plugin. -->","yoast_head_json":{"title":"Veza stanara - County Housing","robots":{"index":"index","follow":"follow","max-snippet":"max-snippet:-1","max-image-preview":"max-image-preview:large","max-video-preview":"max-video-preview:-1"},"canonical":"https:\/\/countyhousing.org\/bs\/veza-stanara-4\/","og_locale":"bs_BA","og_type":"article","og_title":"Veza stanara - County Housing","og_description":"Bilten za stanare javnog stanovanja za oktobar 2024.","og_url":"https:\/\/countyhousing.org\/bs\/veza-stanara-4\/","og_site_name":"County Housing","article_published_time":"2024-10-29T13:00:00+00:00","article_modified_time":"2025-05-07T20:16:26+00:00","og_image":[{"width":1200,"height":630,"url":"https:\/\/countyhousing.org\/wp-content\/uploads\/2024\/10\/CH-hdr.jpg","type":"image\/jpeg"}],"author":"countyhousistg","twitter_card":"summary_large_image","twitter_misc":{"Written by":"countyhousistg","Est. reading time":"11 minuta"},"schema":{"@context":"https:\/\/schema.org","@graph":[{"@type":"Article","@id":"https:\/\/countyhousing.org\/bs\/veza-stanara-4\/#article","isPartOf":{"@id":"https:\/\/countyhousing.org\/bs\/veza-stanara-4\/"},"author":{"name":"countyhousistg","@id":"https:\/\/countyhousing.org\/bs\/#\/schema\/person\/329b4bf92d32839b09b9823303d7250e"},"headline":"Veza stanara","datePublished":"2024-10-29T13:00:00+00:00","dateModified":"2025-05-07T20:16:26+00:00","mainEntityOfPage":{"@id":"https:\/\/countyhousing.org\/bs\/veza-stanara-4\/"},"wordCount":2268,"publisher":{"@id":"https:\/\/countyhousing.org\/bs\/#organization"},"image":{"@id":"https:\/\/countyhousing.org\/bs\/veza-stanara-4\/#primaryimage"},"thumbnailUrl":"https:\/\/countyhousing.org\/wp-content\/uploads\/2024\/10\/CH-hdr.jpg","articleSection":["Uncategorized @bs"],"inLanguage":"bs-BA"},{"@type":"WebPage","@id":"https:\/\/countyhousing.org\/bs\/veza-stanara-4\/","url":"https:\/\/countyhousing.org\/bs\/veza-stanara-4\/","name":"Veza stanara - County Housing","isPartOf":{"@id":"https:\/\/countyhousing.org\/bs\/#website"},"primaryImageOfPage":{"@id":"https:\/\/countyhousing.org\/bs\/veza-stanara-4\/#primaryimage"},"image":{"@id":"https:\/\/countyhousing.org\/bs\/veza-stanara-4\/#primaryimage"},"thumbnailUrl":"https:\/\/countyhousing.org\/wp-content\/uploads\/2024\/10\/CH-hdr.jpg","datePublished":"2024-10-29T13:00:00+00:00","dateModified":"2025-05-07T20:16:26+00:00","breadcrumb":{"@id":"https:\/\/countyhousing.org\/bs\/veza-stanara-4\/#breadcrumb"},"inLanguage":"bs-BA","potentialAction":[{"@type":"ReadAction","target":["https:\/\/countyhousing.org\/bs\/veza-stanara-4\/"]}]},{"@type":"ImageObject","inLanguage":"bs-BA","@id":"https:\/\/countyhousing.org\/bs\/veza-stanara-4\/#primaryimage","url":"https:\/\/countyhousing.org\/wp-content\/uploads\/2024\/10\/CH-hdr.jpg","contentUrl":"https:\/\/countyhousing.org\/wp-content\/uploads\/2024\/10\/CH-hdr.jpg","width":1200,"height":630},{"@type":"BreadcrumbList","@id":"https:\/\/countyhousing.org\/bs\/veza-stanara-4\/#breadcrumb","itemListElement":[{"@type":"ListItem","position":1,"name":"Home","item":"https:\/\/countyhousing.org\/bs\/pocetna-stranica\/"},{"@type":"ListItem","position":2,"name":"Veza stanara"}]},{"@type":"WebSite","@id":"https:\/\/countyhousing.org\/bs\/#website","url":"https:\/\/countyhousing.org\/bs\/","name":"County Housing","description":"The Housing Authority of St. Louis County","publisher":{"@id":"https:\/\/countyhousing.org\/bs\/#organization"},"potentialAction":[{"@type":"SearchAction","target":{"@type":"EntryPoint","urlTemplate":"https:\/\/countyhousing.org\/bs\/?s={search_term_string}"},"query-input":{"@type":"PropertyValueSpecification","valueRequired":true,"valueName":"search_term_string"}}],"inLanguage":"bs-BA"},{"@type":"Organization","@id":"https:\/\/countyhousing.org\/bs\/#organization","name":"County Housing","url":"https:\/\/countyhousing.org\/bs\/","logo":{"@type":"ImageObject","inLanguage":"bs-BA","@id":"https:\/\/countyhousing.org\/bs\/#\/schema\/logo\/image\/","url":"https:\/\/countyhousing.org\/wp-content\/uploads\/2023\/12\/CH_Logo_Horizontal_Web_03-1.png","contentUrl":"https:\/\/countyhousing.org\/wp-content\/uploads\/2023\/12\/CH_Logo_Horizontal_Web_03-1.png","width":279,"height":100,"caption":"County Housing"},"image":{"@id":"https:\/\/countyhousing.org\/bs\/#\/schema\/logo\/image\/"}},{"@type":"Person","@id":"https:\/\/countyhousing.org\/bs\/#\/schema\/person\/329b4bf92d32839b09b9823303d7250e","name":"countyhousistg","image":{"@type":"ImageObject","inLanguage":"bs-BA","@id":"https:\/\/secure.gravatar.com\/avatar\/9d36136dff7fb82b2d9d8f2dc13380a1856275c95488f878ed837557a1a942d0?s=96&d=mm&r=g","url":"https:\/\/secure.gravatar.com\/avatar\/9d36136dff7fb82b2d9d8f2dc13380a1856275c95488f878ed837557a1a942d0?s=96&d=mm&r=g","contentUrl":"https:\/\/secure.gravatar.com\/avatar\/9d36136dff7fb82b2d9d8f2dc13380a1856275c95488f878ed837557a1a942d0?s=96&d=mm&r=g","caption":"countyhousistg"},"sameAs":["https:\/\/countyhousing.org"],"url":"https:\/\/countyhousing.org\/bs\/author\/countyhousistg\/"}]}},"_links":{"self":[{"href":"https:\/\/countyhousing.org\/bs\/wp-json\/wp\/v2\/posts\/3272","targetHints":{"allow":["GET"]}}],"collection":[{"href":"https:\/\/countyhousing.org\/bs\/wp-json\/wp\/v2\/posts"}],"about":[{"href":"https:\/\/countyhousing.org\/bs\/wp-json\/wp\/v2\/types\/post"}],"author":[{"embeddable":true,"href":"https:\/\/countyhousing.org\/bs\/wp-json\/wp\/v2\/users\/1"}],"replies":[{"embeddable":true,"href":"https:\/\/countyhousing.org\/bs\/wp-json\/wp\/v2\/comments?post=3272"}],"version-history":[{"count":0,"href":"https:\/\/countyhousing.org\/bs\/wp-json\/wp\/v2\/posts\/3272\/revisions"}],"wp:featuredmedia":[{"embeddable":true,"href":"https:\/\/countyhousing.org\/bs\/wp-json\/wp\/v2\/media\/2716"}],"wp:attachment":[{"href":"https:\/\/countyhousing.org\/bs\/wp-json\/wp\/v2\/media?parent=3272"}],"wp:term":[{"taxonomy":"category","embeddable":true,"href":"https:\/\/countyhousing.org\/bs\/wp-json\/wp\/v2\/categories?post=3272"},{"taxonomy":"post_tag","embeddable":true,"href":"https:\/\/countyhousing.org\/bs\/wp-json\/wp\/v2\/tags?post=3272"}],"curies":[{"name":"wp","href":"https:\/\/api.w.org\/{rel}","templated":true}]}}