{"id":3268,"date":"2024-10-29T08:00:00","date_gmt":"2024-10-29T13:00:00","guid":{"rendered":"https:\/\/countyhousing.org\/glas-vaucera-4\/"},"modified":"2025-05-07T15:16:25","modified_gmt":"2025-05-07T20:16:25","slug":"glas-vaucera-4","status":"publish","type":"post","link":"https:\/\/countyhousing.org\/bs\/glas-vaucera-4\/","title":{"rendered":"Glas vau\u010dera"},"content":{"rendered":"\n<h2 class=\"wp-block-heading has-x-large-font-size\">Bilten za stanovnike programa vau\u010dera za izbor stanovanja za oktobar 2024.<\/h2>\n\n<h3 class=\"wp-block-heading has-medium-green-color has-text-color has-link-color wp-elements-4029dd77a691a26817d6d9ee44252094\" style=\"font-size:26px\">Sadr\u017eaj:<\/h3>\n\n<ul class=\"wp-block-list\">\n<li><a href=\"#CEOmessage\">Poruka generalnog direktora<\/a> \u2013 <em>Slu\u0161anje i vo\u0111enje<\/em><\/li>\n\n\n\n<li><a href=\"#featureStory\">Pri\u010da<\/a> \u2013 <em>Revitalizacija na\u0161e zajednice: Transformacija porodi\u010dnih domova u Wellingtonu<\/em><\/li>\n\n\n\n<li><a href=\"#safeandsound\">Sigurno i pouzdano<\/a><\/li>\n\n\n\n<li><a href=\"#communityConnect\">Veza<\/a> <a href=\"http:\/\/communityConnect\">sa zajednicom<\/a><\/li>\n\n\n\n<li><a href=\"#fairHousingFact\">\u010cinjenica o pravednom stanovanju<\/a><\/li>\n\n\n\n<li><a href=\"#HUDresources\">HUD resursi za stanare HCV objekata<\/a><\/li>\n\n\n\n<li><a href=\"#updatesAndAnnouncements\">A\u017euriranja i najave<\/a> \u2013 A\u017eurirani administrativni plan i Razumijevanje tr\u017ei\u0161nih cijena rente za mala podru\u010dja (SAFMR)<\/li>\n<\/ul>\n\n<div style=\"height:20px\" aria-hidden=\"true\" class=\"wp-block-spacer\"><\/div>\n\n<hr class=\"wp-block-separator has-text-color has-body-copy-color has-alpha-channel-opacity has-body-copy-background-color has-background\"\/>\n\n<div style=\"height:20px\" aria-hidden=\"true\" class=\"wp-block-spacer\"><\/div>\n\n<h3 class=\"wp-block-heading has-body-copy-color has-text-color has-link-color wp-elements-2a360b6738f6b6114b025159d3fd34ac\" id=\"CEOmessage\" style=\"font-size:26px\">Poruka generalnog direktora<\/h3>\n\n<h3 class=\"wp-block-heading has-pink-color has-text-color has-link-color wp-elements-9528461f04f035201053020cd32f9340\"><em>Slu\u0161anje i vo\u0111enje<\/em><\/h3>\n\n<p>Po\u0161tovani stanovnici,<\/p>\n\n<p>Uzbu\u0111en sam \u0161to vas mogu po\u017eeljeti dobrodo\u0161licu u prvo izdanje na\u0161eg biltena za stanovanje u okrugu. Dok nastavljamo na\u0161u misiju pru\u017eanja sigurnog i pristupa\u010dnog smje\u0161taja porodicama \u0161irom okruga St. Louis, va\u017eno mi je da stvorimo otvorene linije komunikacije i da vas obavje\u0161tavamo o radu koji obavljamo kako bismo podr\u017eali na\u0161e zajednice. <\/p>\n\n<p>Tokom proteklih nekoliko mjeseci radili smo na nekim uzbudljivim de\u0161avanjima koja \u0107e direktno koristiti vama, na\u0161im cijenjenim stanovnicima. Od novih sigurnosnih inicijativa osmi\u0161ljenih da pobolj\u0161aju va\u0161e \u017eivotno iskustvo do predstoje\u0107ih doga\u0111aja u zajednici koji \u0107e nas sve zbli\u017eiti, imamo mnogo toga \u010demu se mo\u017eemo radovati. <\/p>\n\n<p>Jedan od klju\u010dnih fokusa na\u0161eg tima je osigurati da va\u0161i domovi ne budu samo mjesta za \u017eivot, ve\u0107 i napredna okru\u017eenja u kojima se osje\u0107ate podr\u017eano i povezano. Ovaj bilten je jedan od na\u010dina na koji \u017eelimo njegovati tu povezanost, pru\u017eaju\u0107i vam najnovije informacije, korisne resurse i pri\u010de va\u0161ih sustanara. <\/p>\n\n<p>U ovom izdanju prona\u0107i \u0107ete va\u017ene informacije o sigurnosti u va\u0161im domovima, savjete za predstoje\u0107e odr\u017eavanje i novosti o trenutnim projektima i inicijativama. Tako\u0111er \u017eelimo \u010duti va\u0161e mi\u0161ljenje \u2013 va\u0161e povratne informacije i prijedlozi su neprocjenjivi jer se trudimo ispuniti va\u0161e potrebe i pobolj\u0161ati na\u0161e usluge. Slobodno nam se obratite s bilo kakvim pitanjima ili nedoumicama; tu smo da vam pomognemo.  <\/p>\n\n<p>Dok napredujemo, \u017eelim naglasiti da ste vi u sredi\u0161tu svega \u0161to radimo u County Housingu. Va\u0161a dobrobit nam je glavni prioritet i posve\u0107eni smo neumornom radu na stvaranju sigurnih, gostoljubivih i \u017eivahnih zajednica za vas i va\u0161e porodice. <\/p>\n\n<p>Hvala vam \u0161to ste dio \u017dupanijskog stambenog fonda. Zajedno gradimo svjetliju budu\u0107nost za sve. <\/p>\n\n<p>Srda\u010dan pozdrav,<\/p>\n\n<p>Shannon Koenig<br\/> Izvr\u0161ni direktor, Okru\u017eno stanovanje<\/p>\n\n<div style=\"height:36px\" aria-hidden=\"true\" class=\"wp-block-spacer\"><\/div>\n\n<hr class=\"wp-block-separator has-text-color has-body-copy-color has-alpha-channel-opacity has-body-copy-background-color has-background\"\/>\n\n<div style=\"height:20px\" aria-hidden=\"true\" class=\"wp-block-spacer\"><\/div>\n\n<h3 class=\"wp-block-heading has-body-copy-color has-text-color has-link-color wp-elements-afedf6bff1d8d12cdb3b1cd9ca63781f\" id=\"featureStory\" style=\"font-size:26px\">Glavna pri\u010da<\/h3>\n\n<h3 class=\"wp-block-heading has-teal-color has-text-color has-link-color wp-elements-434e818e4d4e0b820d91c541e5504aa6\"><em>Revitalizacija na\u0161e zajednice: Transformacija porodi\u010dnih domova u Wellingtonu<\/em><\/h3>\n\n<figure class=\"wp-block-gallery has-nested-images columns-2 is-cropped wp-block-gallery-1 is-layout-flex wp-block-gallery-is-layout-flex\">\n<figure class=\"wp-block-image size-large\"><img fetchpriority=\"high\" decoding=\"async\" width=\"1024\" height=\"608\" data-id=\"2342\" src=\"https:\/\/countyhousing.org\/wp-content\/uploads\/2024\/07\/tour_dignitaries-at-townhomes-1024x608.jpg\" alt=\"\" class=\"wp-image-2342\" srcset=\"https:\/\/countyhousing.org\/wp-content\/uploads\/2024\/07\/tour_dignitaries-at-townhomes-1024x608.jpg 1024w, https:\/\/countyhousing.org\/wp-content\/uploads\/2024\/07\/tour_dignitaries-at-townhomes-300x178.jpg 300w, https:\/\/countyhousing.org\/wp-content\/uploads\/2024\/07\/tour_dignitaries-at-townhomes-768x456.jpg 768w, https:\/\/countyhousing.org\/wp-content\/uploads\/2024\/07\/tour_dignitaries-at-townhomes.jpg 1200w\" sizes=\"(max-width: 1024px) 100vw, 1024px\" \/><\/figure>\n\n\n\n<figure class=\"wp-block-image size-large\"><img decoding=\"async\" width=\"1024\" height=\"683\" data-id=\"2382\" data-src=\"https:\/\/countyhousing.org\/wp-content\/uploads\/2024\/07\/interior-4-1024x683.jpg\" alt=\"\" class=\"wp-image-2382 lazyload\" data-srcset=\"https:\/\/countyhousing.org\/wp-content\/uploads\/2024\/07\/interior-4-1024x683.jpg 1024w, https:\/\/countyhousing.org\/wp-content\/uploads\/2024\/07\/interior-4-300x200.jpg 300w, https:\/\/countyhousing.org\/wp-content\/uploads\/2024\/07\/interior-4-768x512.jpg 768w, https:\/\/countyhousing.org\/wp-content\/uploads\/2024\/07\/interior-4.jpg 1200w\" data-sizes=\"(max-width: 1024px) 100vw, 1024px\" src=\"data:image\/svg+xml;base64,PHN2ZyB3aWR0aD0iMSIgaGVpZ2h0PSIxIiB4bWxucz0iaHR0cDovL3d3dy53My5vcmcvMjAwMC9zdmciPjwvc3ZnPg==\" style=\"--smush-placeholder-width: 1024px; --smush-placeholder-aspect-ratio: 1024\/683;\" \/><\/figure>\n\n\n\n<figure class=\"wp-block-image size-large\"><img decoding=\"async\" width=\"1024\" height=\"577\" data-id=\"2379\" data-src=\"https:\/\/countyhousing.org\/wp-content\/uploads\/2024\/07\/interior-3-1024x577.jpg\" alt=\"\" class=\"wp-image-2379 lazyload\" data-srcset=\"https:\/\/countyhousing.org\/wp-content\/uploads\/2024\/07\/interior-3-1024x577.jpg 1024w, https:\/\/countyhousing.org\/wp-content\/uploads\/2024\/07\/interior-3-300x169.jpg 300w, https:\/\/countyhousing.org\/wp-content\/uploads\/2024\/07\/interior-3-768x433.jpg 768w, https:\/\/countyhousing.org\/wp-content\/uploads\/2024\/07\/interior-3.jpg 1200w\" data-sizes=\"(max-width: 1024px) 100vw, 1024px\" src=\"data:image\/svg+xml;base64,PHN2ZyB3aWR0aD0iMSIgaGVpZ2h0PSIxIiB4bWxucz0iaHR0cDovL3d3dy53My5vcmcvMjAwMC9zdmciPjwvc3ZnPg==\" style=\"--smush-placeholder-width: 1024px; --smush-placeholder-aspect-ratio: 1024\/577;\" \/><\/figure>\n\n\n\n<figure class=\"wp-block-image size-large\"><img decoding=\"async\" width=\"1024\" height=\"579\" data-id=\"2348\" data-src=\"https:\/\/countyhousing.org\/wp-content\/uploads\/2024\/07\/tour_accssible-home-1024x579.jpg\" alt=\"\" class=\"wp-image-2348 lazyload\" data-srcset=\"https:\/\/countyhousing.org\/wp-content\/uploads\/2024\/07\/tour_accssible-home-1024x579.jpg 1024w, https:\/\/countyhousing.org\/wp-content\/uploads\/2024\/07\/tour_accssible-home-300x170.jpg 300w, https:\/\/countyhousing.org\/wp-content\/uploads\/2024\/07\/tour_accssible-home-768x434.jpg 768w, https:\/\/countyhousing.org\/wp-content\/uploads\/2024\/07\/tour_accssible-home.jpg 1200w\" data-sizes=\"(max-width: 1024px) 100vw, 1024px\" src=\"data:image\/svg+xml;base64,PHN2ZyB3aWR0aD0iMSIgaGVpZ2h0PSIxIiB4bWxucz0iaHR0cDovL3d3dy53My5vcmcvMjAwMC9zdmciPjwvc3ZnPg==\" style=\"--smush-placeholder-width: 1024px; --smush-placeholder-aspect-ratio: 1024\/579;\" \/><\/figure>\n<\/figure>\n\n<p>County Housing s ponosom dijeli izvanredno putovanje razvoja Wellington Family Homes u Wellstonu, projekta koji utjelovljuje na\u0161u misiju pru\u017eanja sigurnog i pristupa\u010dnog stanovanja, istovremeno ja\u010daju\u0107i zajednice kojima slu\u017eimo. Ono \u0161to se nekada \u010dinilo kao zastra\u0161uju\u0107i izazov, procvjetalo je u svjetionik nade i obnove za stotine porodica. <\/p>\n\n<h4 class=\"wp-block-heading\"><strong>Ujedinjena zajednica<\/strong><\/h4>\n\n<p>Projekt Wellington Family Homes zapo\u010deo je kao odgovor na hitnu potrebu za pristupa\u010dnim stanovanjem u Wellstonu. Vremenom su mnoge ku\u0107e propale, a budu\u0107nost naselja izgledala je neizvjesno. Ali duh zajednice ostao je nesalomljen. Stanovnici, lokalni lideri i Okru\u017eno stambeno preduze\u0107e udru\u017eili su snage, odlu\u010dni da o\u010duvaju integritet svog naselja i osiguraju kvalitetno stanovanje porodicama koje Wellston nazivaju svojim domom.   <\/p>\n\n<h4 class=\"wp-block-heading\"><strong>Putovanje ka obnovi<\/strong><\/h4>\n\n<p>Ovaj ambiciozni projekat od 44 miliona dolara nije pro\u0161ao bez izazova. Sa skoro 200 domova planiranih za renoviranje, posao je zahtijevao opse\u017eno planiranje, saradnju i posve\u0107enost prevazila\u017eenju prepreka. Na\u0161 tim je neumorno radio kako bi osigurao da renovirani domovi ispunjavaju najvi\u0161e standarde sigurnosti i udobnosti, a istovremeno o\u010duvaju jedinstveni karakter zajednice Wellston.  <\/p>\n\n<p>Danas s odu\u0161evljenjem izvje\u0161tavamo da su se prve porodice po\u010dele useljavati u svoje novo renovirane domove. Domovi su opremljeni modernim sadr\u017eajima, energetski efikasnim sistemima i sigurnosnim karakteristikama, a sve je osmi\u0161ljeno kako bi se osigurala dugoro\u010dna odr\u017eivost. <\/p>\n\n<h4 class=\"wp-block-heading\"><strong>Pogled unaprijed<\/strong><\/h4>\n\n<p>Zavr\u0161etak projekta Wellington Family Homes svjedo\u010di o tome \u0161ta se mo\u017ee posti\u0107i kada se zajednica ujedini oko zajedni\u010dke vizije. To je ujedno i sna\u017ean podsjetnik na kontinuiranu posve\u0107enost County Housinga stvaranju i odr\u017eavanju pristupa\u010dnog stanovanja u St. Louisu. Dok gledamo u budu\u0107nost, ostajemo posve\u0107eni podr\u0161ci stanovnicima Wellstona i drugih zajednica \u0161irom regije.  <\/p>\n\n<p>Ovaj projekat je samo jedan primjer pozitivnog uticaja koji nastojimo ostvariti svaki dan. Kroz partnerstva, inovacije i duboku posve\u0107enost na\u0161oj misiji, County Housing \u0107e nastaviti graditi svjetliju i pravedniju budu\u0107nost za sve stanovnike St. Louisa. <\/p>\n\n<h4 class=\"wp-block-heading\"><strong>Pridru\u017eite se listi \u010dekanja za Wellington Family Homes!<\/strong><\/h4>\n\n<p>Uzbu\u0111eni smo \u0161to mo\u017eemo objaviti da trenutno ima slobodnih mjesta na na\u0161oj listi \u010dekanja za Wellington Family Homes! Ako vi ili neko koga poznajete tra\u017eite siguran i pristupa\u010dan smje\u0161taj u podr\u017eavaju\u0107oj zajednici, pozivamo vas da napravite prvi korak tako \u0161to \u0107ete se pridru\u017eiti na\u0161oj listi \u010dekanja. <\/p>\n\n<p>Da biste se pridru\u017eili listi \u010dekanja i saznali vi\u0161e o na\u0161im mogu\u0107nostima stanovanja, posjetite <a href=\"https:\/\/www.wellingtonfamilyhomes.com\/\" target=\"_blank\" rel=\"noreferrer noopener\">https:\/\/www.wellingtonfamilyhomes.com\/<\/a> .<\/p>\n\n<div style=\"height:36px\" aria-hidden=\"true\" class=\"wp-block-spacer\"><\/div>\n\n<hr class=\"wp-block-separator has-text-color has-body-copy-color has-alpha-channel-opacity has-body-copy-background-color has-background\"\/>\n\n<div style=\"height:20px\" aria-hidden=\"true\" class=\"wp-block-spacer\"><\/div>\n\n<h3 class=\"wp-block-heading has-body-copy-color has-text-color has-link-color wp-elements-3cc9c1eee37bff017f15e82200ef3a30\" id=\"safeandsound\" style=\"font-size:26px\">Sigurno i zdravo<\/h3>\n\n<h3 class=\"wp-block-heading has-medium-dark-blue-color has-text-color has-link-color wp-elements-36d0e9b11bac1e1ce724be0adc2234d5\"><em>Pobolj\u0161anje sigurnosti stanovnika u stambenom sektoru okruga<\/em><\/h3>\n\n<p>U County Housingu, na\u0161 glavni prioritet je osiguranje sigurnosti i dobrobiti na\u0161ih stanovnika. Posve\u0107eni smo stvaranju sigurnog \u017eivotnog okru\u017eenja i osna\u017eivanju na\u0161e zajednice alatima i znanjem potrebnim za o\u010duvanje sigurnosti. <\/p>\n\n<h3 class=\"wp-block-heading has-medium-green-color has-text-color has-link-color has-large-font-size wp-elements-7cd7e7981e46909110de5b7679537dd4\">Oktobar je mjesec za\u0161tite od po\u017eara!<\/h3>\n\n<p>Osiguravanje da je va\u0161 dom pripremljen za hitne slu\u010dajeve je klju\u010dno. Poti\u010demo sve stanare da osiguraju sigurnost svog doma. Obavezno provjerite da li detektori dima rade, da li imate planove za evakuaciju u slu\u010daju po\u017eara i da li vam je aparat za ga\u0161enje po\u017eara lako dostupan. Odr\u017eavanje sigurnosti va\u0161eg doma zna\u010di biti proaktivan i informiran.   <\/p>\n\n<h4 class=\"wp-block-heading has-pink-color has-text-color has-link-color wp-elements-9cb21bfbc45c86e2dce57c1338d6c047\"><strong>Evo nekoliko savjeta o za\u0161titi od po\u017eara:<\/strong><\/h4>\n\n<ul class=\"wp-block-list\">\n<li>Dr\u017eite zapaljive materijale dalje od izvora toplote i otvorenog plamena.<\/li>\n\n\n\n<li>Ne preoptere\u0107ujte elektri\u010dne uti\u010dnice i produ\u017ene kablove i redovno provjeravajte i odr\u017eavajte elektri\u010dne sisteme i ure\u0111aje.<\/li>\n\n\n\n<li>Imajte ispravan aparat za ga\u0161enje po\u017eara na svakom spratu va\u0161eg doma, posebno u kuhinji, i dr\u017eite ga pri ruci.<\/li>\n\n\n\n<li>Testirajte detektore po\u017eara i uglji\u010dnog monoksida.<\/li>\n\n\n\n<li>Uklonite nered koji mo\u017ee postati izvor goriva u po\u017earu i ograni\u010diti pristup opremi za hitne slu\u010dajeve i izlaznim putevima.<\/li>\n<\/ul>\n\n<p>Po\u017eari u kuhinjama su jedan od vode\u0107ih uzroka po\u017eara u ku\u0107ama, a njihovo sprje\u010davanje je glavni prioritet za sve nas. Kako bismo podr\u017eali ovaj napor, istakli smo tri klju\u010dna sigurnosna savjeta koja su neophodna za sprje\u010davanje po\u017eara u kuhinjama: <\/p>\n\n<h4 class=\"wp-block-heading has-teal-color has-text-color has-link-color wp-elements-135c0ec160a228c155f1ddb9ea08b947\"><strong>3 najbolja savjeta za sigurnost kuhanja u doma\u0107instvu<\/strong><\/h4>\n\n<ol class=\"wp-block-list\">\n<li><strong>Ostanite u kuhinji:<\/strong> Va\u017eno je da nikada ne ostavljate hranu koja se kuha bez nadzora. Ako se morate udaljiti, \u010dak i na kratko, obavezno isklju\u010dite \u0161poret kako biste sprije\u010dili nezgode. <br\/><br\/><\/li>\n\n\n\n<li><strong>Dr\u017eite zapaljive predmete podalje:<\/strong> Pazite da ru\u010dnike, dr\u017ea\u010de za lonce i druge zapaljive predmete dr\u017eite dalje od \u0161poreta i drugih izvora toplote kako biste izbjegli rizik od po\u017eara.<br\/><br\/><\/li>\n\n\n\n<li><strong>Koristite tajmer:<\/strong> Uvijek koristite tajmer da se podsjetite da kuhate, posebno prilikom kuhanja na laganoj vatri, pe\u010denja ili pr\u017eenja. To je jednostavan na\u010din da ostanete svjesni i sprije\u010dite izbijanje po\u017eara. <\/li>\n<\/ol>\n\n<h3 class=\"wp-block-heading has-medium-dark-blue-color has-text-color has-link-color has-large-font-size wp-elements-2b0aa6f2687bb9d54ed65d12e2bc578f\">Za\u0161titite se od prevara: Savjeti za stanovnike \u017eupanijskih stambenih objekata<\/h3>\n\n<p>Na\u017ealost, prevaranti postaju sve kreativniji u svojim poku\u0161ajima da prevare stanovnike. Va\u017eno je ostati oprezan i znati znakove prevare kako biste za\u0161titili sebe i svoje li\u010dne podatke. Evo nekoliko klju\u010dnih savjeta koji \u0107e vam pomo\u0107i da izbjegnete da budete prevareni:  <\/p>\n\n<ol class=\"wp-block-list\">\n<li><strong>Verify Who You\u2019re Communicating With&nbsp;<\/strong><br>Scammers may pretend to be County Housing employees by creating fake email addresses or using our email signatures. Always ensure you are communicating directly with us:<br>\n<ul class=\"wp-block-list\">\n<li>Slu\u017ebene e-mail adrese: Na\u0161e osoblje \u0107e vas kontaktirati samo sa slu\u017ebenih e-mail adresa Slu\u017ebe za stanovanje okruga, koje zavr\u0161avaju na &#8220;@countyhousing.org&#8221;.  <\/li>\n\n\n\n<li>Bez Gmail ra\u010duna: Nikada ne\u0107emo koristiti Gmail ili druge besplatne usluge e-po\u0161te da vas kontaktiramo. Ako primite e-po\u0161tu sa sumnjive adrese poput \u201enicoleacountyhousing@gmail.com\u201c, nemojte odgovarati. <br\/><\/li>\n<\/ul>\n<\/li>\n\n\n\n<li><strong>Nikada ne napla\u0107ujemo sigurnosne depozite<\/strong><br\/> Okru\u017eni smje\u0161taj od vas nikada ne\u0107e tra\u017eiti sigurnosni depozit niti \u0107e upravljati sigurnosnim depozitima u ime bilo kojeg stanodavca. Ako neko ko tvrdi da je iz Okru\u017enog smje\u0161taja tra\u017ei depozit, to je prevara. Uvijek provjeravajte zahtjeve za pla\u0107anje direktno sa svojim socijalnim radnikom putem slu\u017ebenih kanala.  <br\/><br\/><\/li>\n\n\n\n<li><strong>Dvaput provjerite neobi\u010dne zahtjeve<\/strong><br\/> Ako primite neo\u010dekivane ili sumnjive zahtjeve za novac, li\u010dne podatke ili detalje o pla\u0107anju, slobodno provjerite sa svojim HCV socijalnim radnikom ili direktno kontaktirajte na\u0161u kancelariju. Uvijek je bolje sprije\u010diti nego lije\u010diti. <br\/><br\/><\/li>\n\n\n\n<li><strong>Prijavi sumnjivu aktivnost<\/strong><br\/> Ako mislite da vas je kontaktirao prevarant, odmah to prijavite svom socijalnom radniku ili na\u0161oj glavnoj kancelariji. Obavje\u0161tavanjem nas mo\u017eemo poduzeti korake kako bismo za\u0161titili druge u na\u0161oj zajednici od toga da postanu \u017ertve. <\/li>\n<\/ol>\n\n<p>Va\u0161a sigurnost nam je glavni prioritet. Ostanite informirani, budite oprezni i ne ustru\u010davajte se kontaktirati nas ako imate bilo kakvih pitanja ili nedoumica o potencijalnim prevarama. <\/p>\n\n<h3 class=\"wp-block-heading has-medium-green-color has-text-color has-link-color has-large-font-size wp-elements-0e3a6a1f8cb42d4963bdc9b604651e36\">Izvje\u0161tavanje i podr\u0161ka<\/h3>\n\n<p>Va\u0161a sigurnost je na\u0161a briga. Ako primijetite ne\u0161to neobi\u010dno ili imate pitanja u vezi sa sigurno\u0161\u0107u, slobodno nas kontaktirajte. Na\u0161 tim je tu da vas podr\u017ei i rije\u0161i sve va\u0161e nedoumice. Zapamtite, sigurnost je zajedni\u010dka odgovornost i zajedno mo\u017eemo osigurati da na\u0161a zajednica ostane sigurno i zdravo mjesto za \u017eivot.   <\/p>\n\n<p>Hvala vam \u0161to ste aktivni dio na\u0161e zajednice i \u0161to nam poma\u017eete da \u017dupanijski smje\u0161taj bude sigurno i gostoljubivo okru\u017eenje za sve.<\/p>\n\n<p>Ostanite sigurni i zdravi!<\/p>\n\n<div style=\"height:36px\" aria-hidden=\"true\" class=\"wp-block-spacer\"><\/div>\n\n<hr class=\"wp-block-separator has-text-color has-body-copy-color has-alpha-channel-opacity has-body-copy-background-color has-background\"\/>\n\n<div style=\"height:20px\" aria-hidden=\"true\" class=\"wp-block-spacer\"><\/div>\n\n<h2 class=\"wp-block-heading has-body-copy-color has-text-color has-link-color wp-elements-f53ca033df4e4abe1f19308eacfd0d9d\" id=\"communityConnect\" style=\"font-size:26px\">Povezivanje zajednice<\/h2>\n\n<h3 class=\"wp-block-heading has-pink-color has-text-color has-link-color wp-elements-8dd9fb703400a1a8154f5ce16b5dc133\"><em>Zajedno podr\u017eavamo na\u0161u zajednicu.<\/em><\/h3>\n\n<p>Dobrodo\u0161li u &#8220;Community Connect&#8221;, odjeljak posve\u0107en zajedni\u010dkoj podr\u0161ci na\u0161oj stambenoj zajednici okruga. Ovdje \u0107ete prona\u0107i resurse, doga\u0111aje i inicijative osmi\u0161ljene da oja\u010daju na\u0161a susjedstva, njeguju veze i pru\u017ee vam alate i informacije koje su vam potrebne. Zajedno mo\u017eemo nastaviti graditi uspje\u0161nu zajednicu u kojoj svi imaju priliku za uspjeh.  <\/p>\n\n<div style=\"height:30px\" aria-hidden=\"true\" class=\"wp-block-spacer\"><\/div>\n\n<figure class=\"wp-block-image size-large is-resized\"><img decoding=\"async\" width=\"1024\" height=\"584\" data-src=\"https:\/\/countyhousing.org\/wp-content\/uploads\/2024\/10\/Heat-Up-STL-Logo-1-1024x584.png\" alt=\"Zagrijte St. Louis\" class=\"wp-image-2737 lazyload\" style=\"--smush-placeholder-width: 1024px; --smush-placeholder-aspect-ratio: 1024\/584;width:200px\" data-srcset=\"https:\/\/countyhousing.org\/wp-content\/uploads\/2024\/10\/Heat-Up-STL-Logo-1-1024x584.png 1024w, https:\/\/countyhousing.org\/wp-content\/uploads\/2024\/10\/Heat-Up-STL-Logo-1-300x171.png 300w, https:\/\/countyhousing.org\/wp-content\/uploads\/2024\/10\/Heat-Up-STL-Logo-1-768x438.png 768w, https:\/\/countyhousing.org\/wp-content\/uploads\/2024\/10\/Heat-Up-STL-Logo-1-1536x877.png 1536w, https:\/\/countyhousing.org\/wp-content\/uploads\/2024\/10\/Heat-Up-STL-Logo-1.png 2048w\" data-sizes=\"(max-width: 1024px) 100vw, 1024px\" src=\"data:image\/svg+xml;base64,PHN2ZyB3aWR0aD0iMSIgaGVpZ2h0PSIxIiB4bWxucz0iaHR0cDovL3d3dy53My5vcmcvMjAwMC9zdmciPjwvc3ZnPg==\" \/><\/figure>\n\n<h3 class=\"wp-block-heading has-body-copy-color has-text-color has-link-color wp-elements-880b59e8557aa19055aaa07f09cc135a\" style=\"font-size:26px\">Trebate li pomo\u0107 s ra\u010dunima za komunalije?<\/h3>\n\n<p>Ako ste vi ili neko koga poznajete starija osoba, odrasla osoba s invaliditetom ili osoba ili porodica s niskim do srednjim primanjima kojoj je potrebna pomo\u0107 s komunalijama, pomo\u0107 je dostupna. <a href=\"https:\/\/HeatUpStLouis.org\" target=\"_blank\" rel=\"noreferrer noopener\">HeatUpStLouis.org<\/a> nudi podr\u0161ku onima koji se suo\u010davaju s financijskim ili zdravstvenim pote\u0161ko\u0107ama.<\/p>\n\n<p><strong>Ne treba vam obavje\u0161tenje o isklju\u010denju.<em> <\/em><\/strong>Ali morate slijediti upute i dostaviti dokaz o prihodima. Tako\u0111er, nastavite provjeravati njihovu web stranicu za na\u0161u najnoviju lokaciju za one koji nisu vje\u0161ti u kori\u0161tenju mobilnih telefona, tableta, laptopa ili desktop ra\u010dunara. <\/p>\n\n<p>Da biste zatra\u017eili pomo\u0107, posjetite <a href=\"https:\/\/HeatUpStLouis.org\" target=\"_blank\" rel=\"noreferrer noopener\">HeatUpStLouis.org<\/a> i odaberite opciju &#8220;Zahtjev za komunalne usluge&#8221;. Va\u0161i podaci \u0107e biti povjerljivi i kori\u0161teni samo za napore u pru\u017eanju energetske pomo\u0107i. HUSTL tim za komunalne usluge \u0107e nastojati da obradi va\u0161 zahtjev \u0161to je prije mogu\u0107e. Ne ustru\u010davajte se potra\u017eiti pomo\u0107 koja vam je potrebna!   <\/p>\n\n<div style=\"height:30px\" aria-hidden=\"true\" class=\"wp-block-spacer\"><\/div>\n\n<figure class=\"wp-block-image size-large is-resized\"><a href=\"http:\/\/stlfoodbank.org\/find-food\" target=\"_blank\" rel=\"noreferrer noopener\"><img decoding=\"async\" width=\"1024\" height=\"492\" data-src=\"https:\/\/countyhousing.org\/wp-content\/uploads\/2024\/10\/Foodbank-logo-1024x492.jpg\" alt=\"Banka hrane podru&#x10D;ja St. Louisa\" class=\"wp-image-2743 lazyload\" style=\"--smush-placeholder-width: 1024px; --smush-placeholder-aspect-ratio: 1024\/492;width:200px\" data-srcset=\"https:\/\/countyhousing.org\/wp-content\/uploads\/2024\/10\/Foodbank-logo-1024x492.jpg 1024w, https:\/\/countyhousing.org\/wp-content\/uploads\/2024\/10\/Foodbank-logo-300x144.jpg 300w, https:\/\/countyhousing.org\/wp-content\/uploads\/2024\/10\/Foodbank-logo-768x369.jpg 768w, https:\/\/countyhousing.org\/wp-content\/uploads\/2024\/10\/Foodbank-logo.jpg 1527w\" data-sizes=\"(max-width: 1024px) 100vw, 1024px\" src=\"data:image\/svg+xml;base64,PHN2ZyB3aWR0aD0iMSIgaGVpZ2h0PSIxIiB4bWxucz0iaHR0cDovL3d3dy53My5vcmcvMjAwMC9zdmciPjwvc3ZnPg==\" \/><\/a><\/figure>\n\n<h3 class=\"wp-block-heading has-body-copy-color has-text-color has-link-color wp-elements-12fb1727096568c58a9ea70f40eb46ad\" style=\"font-size:26px\">Prona\u0111ite pomo\u0107 koja vam je potrebna<\/h3>\n\n<p>Ako vama ili nekome koga poznajete treba pomo\u0107 s hranom, Banka hrane podru\u010dja St. Louisa nudi vrijedne resurse koji \u0107e vam pomo\u0107i da do\u0111ete do namirnica i obroka.<\/p>\n\n<h4 class=\"wp-block-heading has-medium-dark-blue-color has-text-color has-link-color wp-elements-2d56dac8db4e2c373973dc56a6abef4c\"><strong>Da biste prona\u0161li podr\u0161ku u va\u0161oj blizini:<\/strong><\/h4>\n\n<ol class=\"wp-block-list\">\n<li>Posjetite <a href=\"http:\/\/stlfoodbank.org\/find-food\" target=\"_blank\" rel=\"noreferrer noopener\">stlfoodbank.org\/find-food<\/a><br\/><\/li>\n\n\n\n<li>Koristite alat &#8220;Prona\u0111i ostavu hrane&#8221; da biste prona\u0161li obli\u017enje ostave za namirnice.<br\/><\/li>\n\n\n\n<li>Provjerite pretragu &#8220;Posjetite doga\u0111aj distribucije hrane&#8221; da biste vidjeli nadolaze\u0107e doga\u0111aje u va\u0161em podru\u010dju.<\/li>\n<\/ol>\n\n<p>Bez obzira da li vam je potrebna hitna pomo\u0107 ili planirate unaprijed, ovi resursi su tu da pomognu vama i va\u0161oj porodici.<\/p>\n\n<div style=\"height:36px\" aria-hidden=\"true\" class=\"wp-block-spacer\"><\/div>\n\n<hr class=\"wp-block-separator has-text-color has-body-copy-color has-alpha-channel-opacity has-body-copy-background-color has-background\"\/>\n\n<div style=\"height:40px\" aria-hidden=\"true\" class=\"wp-block-spacer\"><\/div>\n\n<figure class=\"wp-block-image size-full is-resized\"><a href=\"https:\/\/www.hud.gov\/i_want_to\/file_a_fair_housing_discrimination_complaint\" target=\"_blank\" rel=\"noreferrer noopener\"><img decoding=\"async\" width=\"600\" height=\"573\" data-src=\"https:\/\/countyhousing.org\/wp-content\/uploads\/2024\/10\/EqualHousingLogo.png\" alt=\"Jednake mogu&#x107;nosti stanovanja\" class=\"wp-image-2731 lazyload\" style=\"--smush-placeholder-width: 600px; --smush-placeholder-aspect-ratio: 600\/573;width:120px\" data-srcset=\"https:\/\/countyhousing.org\/wp-content\/uploads\/2024\/10\/EqualHousingLogo.png 600w, https:\/\/countyhousing.org\/wp-content\/uploads\/2024\/10\/EqualHousingLogo-300x287.png 300w\" data-sizes=\"(max-width: 600px) 100vw, 600px\" src=\"data:image\/svg+xml;base64,PHN2ZyB3aWR0aD0iMSIgaGVpZ2h0PSIxIiB4bWxucz0iaHR0cDovL3d3dy53My5vcmcvMjAwMC9zdmciPjwvc3ZnPg==\" \/><\/a><\/figure>\n\n<h3 class=\"wp-block-heading has-medium-green-color has-text-color has-link-color wp-elements-38470a93d3834cb8879f8bb0ccdd7c53\" id=\"fairHousingFact\"><em>\u010cinjenica o pravednom stanovanju: Znajte svoja prava!<\/em><\/h3>\n\n<p>Da li ste znali da je, prema Zakonu o pravi\u010dnom stanovanju, nezakonito diskriminirati u stanovanju na osnovu rase, boje ko\u017ee, nacionalnog porijekla, religije, spola, invaliditeta ili porodi\u010dnog statusa? To zna\u010di da stanodavci i pru\u017eaoci usluga stanovanja ne mogu vas nepravedno tretirati zbog ovih karakteristika kada je u pitanju iznajmljivanje, kupovina ili obezbje\u0111ivanje kredita za ku\u0107u. <\/p>\n\n<p>Ako smatrate da su va\u0161a prava prekr\u0161ena, mo\u017eete podnijeti \u017ealbu Ministarstvu za stanovanje i urbani razvoj SAD-a (HUD). Svi zaslu\u017euju jednak pristup sigurnom i pristupa\u010dnom stanovanju! <\/p>\n\n<p>Budite informirani, znajte svoja prava i za\u0161titite svoje stambene mogu\u0107nosti!<\/p>\n\n<p>Ako smatrate da ste do\u017eivjeli diskriminaciju u stanovanju, va\u017eno je poduzeti mjere. Mo\u017eete podnijeti \u017ealbu Ministarstvu za stanovanje i urbani razvoj SAD-a (HUD) kako biste prijavili bilo kakvo kr\u0161enje va\u0161ih prava. Da biste saznali vi\u0161e o postupku i podnijeli \u017ealbu, posjetite <a href=\"https:\/\/www.hud.gov\/i_want_to\/file_a_fair_housing_discrimination_complaint\">HUD-ovu stranicu o pravednom stanovanju<\/a> . Zapamtite, svi zaslu\u017euju jednak pristup sigurnom i pristupa\u010dnom stanovanju, stoga ostanite informirani i zagovarajte svoja prava!   <\/p>\n\n<div style=\"height:36px\" aria-hidden=\"true\" class=\"wp-block-spacer\"><\/div>\n\n<hr class=\"wp-block-separator has-text-color has-body-copy-color has-alpha-channel-opacity has-body-copy-background-color has-background\"\/>\n\n<div style=\"height:20px\" aria-hidden=\"true\" class=\"wp-block-spacer\"><\/div>\n\n<h3 class=\"wp-block-heading has-pink-color has-text-color has-link-color wp-elements-84018cddfb4c22eb171557f7362d0774\" id=\"HUDresources\"><em>HUD objavljuje resurse za stanare HCV objekata<\/em><\/h3>\n\n<p>Na web stranici HUD Exchange <a href=\"https:\/\/linkprotect.cudasvc.com\/url?a=https%3a%2f%2fgo.nanmckay.com%2fe3t%2fCtc%2f2I%2b113%2fcjMnw04%2fVVHlB69dd3wFW3Hssr13JNvjHW8BHpjy5l4hxSM3ZwQM3qgyTW6N1vHY6lZ3mDW1GRrKH4SN4kKW7F7n7c4Y9q2PW8RmfYf5dG4wlW8-0QLB6J_gsKW131LGQ8CfPrgW6z5Pv31rTWtfN8D8RBKWLRK1W75GksM7QCvPMW7R1QlJ7yKpkgW1n9dF6371HrxW7ZVCQv8dJy7JW39LTq86R0SldN96DkhFjk4p0W753hlx2d5md8W3K3Rr01DKMtsW2--th15jZ1KDW6BQrvq3vjK_bW36sbdV4P4MGMVLWCLL8tgyxHW2vw6XH4q6l9XW5XWQTP4qs57PVwCKhC58rfL5f6SN89l04&amp;c=E,1,wDqrznv8hSyXmWNYgBdhem4z3nRgYd41sieQdaHPsFi7TvJDTNsEY0PXS_rATe0btWsS7-ZG0X6poSJXfmlLNGHLmDPVz_IkEE22Qm6gettqr16-&amp;typo=1\" target=\"_blank\" rel=\"noreferrer noopener\">Resource Library<\/a> , Ministarstvo za stambena pitanja i urbani razvoj ( <a href=\"https:\/\/linkprotect.cudasvc.com\/url?a=https%3a%2f%2fgo.nanmckay.com%2fe3t%2fCtc%2f2I%2b113%2fcjMnw04%2fVVHlB69dd3wFW3Hssr13JNvjHW8BHpjy5l4hxSM3ZwQs3qgyTW69sMD-6lZ3lQW5sxw-w3H8hcVW7mbWxZ4dhGwlW2khYQK7gVk31W4XW1K17c9K6GW87YLSp29GKCSW1p6ZHZ3MB4_6W6JvZK64-HrWmW6sMl9q4PvXDPW155KgJ3_dtzbW29hmYD4ff045N1MXRKCvrhJSW43cQpc5HmVVZW26ggx03pRsw2W4YjPZY28QSV5W2Y-ldC17cRGbVKXBLT4VDCFpN71FHkfVmLt2W1-bk308z3RWzW7c-H5C5QCx4sW7DML_b3H3cV2f2pVybs04&amp;c=E,1,7r9G9_xF89XQpWpDDCsOVwCDu1zGmGGK3RYbIt0p1BsWgLSQRPEpdrXJrpfUxFFSzf_BAdTaXUl7ttkC1OB4FyIMqPWF-g1UPSe7FwfHZC81tSlv&amp;typo=1\" target=\"_blank\" rel=\"noreferrer noopener\">HUD<\/a> ) objavilo je sljede\u0107e resurse za stanare koji koriste vau\u010dere za izbor stanovanja ( <a href=\"https:\/\/linkprotect.cudasvc.com\/url?a=https%3a%2f%2fgo.nanmckay.com%2fe3t%2fCtc%2f2I%2b113%2fcjMnw04%2fVVHlB69dd3wFW3Hssr13JNvjHW8BHpjy5l4hxSM3ZwQs3qgyTW69sMD-6lZ3lnV8GgnM4bJ0htN4tBH0HcXTjQW1bHcH54ldLxzW1jsq2B8xjhSYW3YklkS6R_s_LW7g2Mdq2rRZhDW8l9rKj5Vz229W5QH0Bh1p76_0W8QNMRJ5b8L16W9cQN896W2YjlW6Dn8Lj8ngG8wW397X585FBmksW7FM5_q8csJxlVgy3fN47FHZqVsvPMq1FgmKhW2P7qFW6vBL1BW6q1jhg471DgXW8HQD5L3lZy2GW9dcN7h8H1H9rW4CkFqq47GhKpd107bs04&amp;c=E,1,VCmVE71WQ_3waEcO5Yeqzq4nj44-DKCbQJG4WgQYbEDg2Nc5k9mgaGRk7-wuY2-iVZqjXll8phRS1sXCAkDtGOgTHgLcUpwXAi2xOQ_i7RTrEDycyDlqXw,,&amp;typo=1\" target=\"_blank\" rel=\"noreferrer noopener\">HCV<\/a> ):<\/p>\n\n<ul class=\"wp-block-list\">\n<li><a href=\"https:\/\/linkprotect.cudasvc.com\/url?a=https%3a%2f%2fgo.nanmckay.com%2fe3t%2fCtc%2f2I%2b113%2fcjMnw04%2fVVHlB69dd3wFW3Hssr13JNvjHW8BHpjy5l4hxSM3ZwRl3qgyTW7Y8-PT6lZ3lHW7c4ZRl71j0MyW7rPHhv6b8VtxW36yVy34cwzvNW3kW-vS921mfqW3nHqGw7wgBVlN8rFhlF3jsR_N964HSqkwVJfW4sNYfH5lR1qxW5YMbyY4MMQYsW1yzbnz7f7bFmW4nrF0C66Mtl_W3mDg7q3Zp4DFW1T5fnd6-3qG_W6P1GdW3RZ1RNN6JdRvD18PF7W58WKDP4TLy3CW3kkTdy2Myd-6W1-q7-28t-yV7W5tvTJh7Mjm-5W6Xf7185dT-4kW5z86jm2W_1nCW5W-bSP4K-ZCbW91H0J-42r9GnN1mqdx65B2qdW1VRx4r47zSx2W6PGGHm3hvSJ7f6SNz1P04&amp;c=E,1,V_WSD1aBJRaOCLcLZp1kvQRfDeCGK6zGpFV4JZQVaqdkF7Y6HYtTfmsmURtB47u5hKTfv4L_1CVsPEp25HorIXM0XApg2kimY-fRMsUXAezmOfk,&amp;typo=1\" target=\"_blank\" rel=\"noreferrer noopener\">Savjeti za pretragu HCV-a<\/a><\/li>\n\n\n\n<li><a href=\"https:\/\/linkprotect.cudasvc.com\/url?a=https%3a%2f%2fgo.nanmckay.com%2fe3t%2fCtc%2f2I%2b113%2fcjMnw04%2fVVHlB69dd3wFW3Hssr13JNvjHW8BHpjy5l4hxSM3ZwRF3qgyTW8wLKSR6lZ3lfW2yjT4z71dy1PW3Xpn846v-XhwW4H6j671P1wm8W4lPfm75gBJ_9VNzGdg8dly6cW1plYFx38DbV1W6NxkV939vhcrVLRD1Z74yF8cN2Bg_TpfK3PXVj7tgf4_XWSJW3Mg_2s8vmf5BW8HF3V53fthHCW39sK_l70hwKGW6N6sq54CpgYKW2ypPwf63dMcrW6mn66M4fJjLfW5yb4F626BLfwW944ZS94Tn_9KW8DbdTy8vXmz5W3rtMMk2yV5xVW959ZKl2BW_NXW2xZHC-4lfjLZW3SS71Z3DtdXGW8_2DSl91shPYW7zb3vL6T6SYTW6QJ3kR3p1mNlW80fsZZ79-rR6W4zG-dm3gNN9Xf7yQ8G604&amp;c=E,1,TJ0kBthMFGxIDEe8eE078oSi9VfPQvLrI_J7Fp0SJ7gW5OzKBiol3HnjWTarRXQlNVqTuI1sVuaJpKSV904M3_IrP0-jS5bHwO8JaerXUU1YcItOAY1mPUs,&amp;typo=1\" target=\"_blank\" rel=\"noreferrer noopener\">Zadr\u017eavanje vau\u010dera za izbor smje\u0161taja<\/a><\/li>\n\n\n\n<li><a href=\"https:\/\/linkprotect.cudasvc.com\/url?a=https%3a%2f%2fgo.nanmckay.com%2fe3t%2fCtc%2f2I%2b113%2fcjMnw04%2fVVHlB69dd3wFW3Hssr13JNvjHW8BHpjy5l4hxSM3ZwRl3qgyTW7Y8-PT6lZ3kHVgytZk2S2nJZW3LpqZC4RnpGPN52y2HKCnDxPW5wF0CQ5G7gl8W2ssdS65XqlSDV9NpwD31pJHlW90Vy0B1ChqWLW1mRblM1ch9zzW2qJ-pV5KH5cYW88SPC86KBh0GW6crdS84cjp--W3zBhpC8jnZxzW2X9j-V7RprvHW7tLfZj3_TT3qW79f8SN3NKlb8W2tj5mD3Md3TmW11Yh_l1slKLsW3yp-vw9fN6BcW183BxW610QrbW2pS-xX4QxZK_W4lRSD03bLnDbW7rh2Cj4d2TJ4W2CZWjT5l1KyRW3_KZsB68wJ3xW4XPpm85kXlYrW8Ck0lQ2-psMdf4NM9vW04&amp;c=E,1,kQ6nPFAgaWb0J_UzUXPMwiVdGO3jQ8DRiYuaSWHv5RSeBeamf2KSSq2rtNMfj_ln8etMxIxI0fSyfSgRfRDVF-8XnycPTuQjB422ejB-t2GNaepUc3-n&amp;typo=1\" target=\"_blank\" rel=\"noreferrer noopener\">Odgovornosti stanara HCV-a<\/a><\/li>\n\n\n\n<li><a href=\"https:\/\/linkprotect.cudasvc.com\/url?a=https%3a%2f%2fgo.nanmckay.com%2fe3t%2fCtc%2f2I%2b113%2fcjMnw04%2fVVHlB69dd3wFW3Hssr13JNvjHW8BHpjy5l4hxSM3ZwRl3qgyTW7Y8-PT6lZ3mRW5v6zV12lVVFSW6jhvwm2dDwggW5HZn6S57WfZVW95gCQx8LtG7pW6Zd-7k5n6NVFW6gVSbW9jg12dVg9YQ84Vf1SQW4Sfhgr6MWMKXN5gyzcF5ZykqW759vqf1tmsGNW2gpq2p79VZKKW4THj3w3hP2lPW4MwGsG5QWPFFW7gtXZ16DkXPJW1-CN9v4ltDcXW1Jjh3R3r7HV8W1zW0-J5G467tW30mQ-B3Tzp1YW54xtQr8QRDRMW3_ZByt4ML5cBW95hbK467ZMRNW2Ytctl7WMhlcW7fThj564mBJkW6mdv7183M3nhW28WkSs4Jk8yFW8_B2K932yRtlf5tpV1604&amp;c=E,1,O5NPi35ZHFTcXVED5QSU1zj0rp5Cn9POD7z37Oa5OV0CXZG1UjPr5Uc1-HtryVzbX04fPSKYL-uHsE_mS-w9MEaClb2nJ8kbx8OCwrg7vw,,&amp;typo=1\" target=\"_blank\" rel=\"noreferrer noopener\">Prava stanara HCV-a<\/a><\/li>\n\n\n\n<li><a href=\"https:\/\/www.hudexchange.info\/resources\/\" target=\"_blank\" rel=\"noreferrer noopener\">Istra\u017eite istaknute publikacije i pregledajte propise, smjernice o politici, priru\u010dnike, \u010desto postavljana pitanja i druge resurse<\/a><\/li>\n<\/ul>\n\n<p>Za dodatne resurse i informacije koje podr\u017eavaju stanare i javnog stanovanja i HCV objekata, posjetite web stranicu <a href=\"https:\/\/linkprotect.cudasvc.com\/url?a=https%3a%2f%2fgo.nanmckay.com%2fe3t%2fCtc%2f2I%2b113%2fcjMnw04%2fVVHlB69dd3wFW3Hssr13JNvjHW8BHpjy5l4hxSM3ZwRl3qgyTW7Y8-PT6lZ3lKW4wcWBK8Gs98dW8RT5xj2_p5KtW3_kctp7vndNzN4lr-3kFn_zHW1JGrzF4tXf1xV3lKdp6lCh6QW591xJ127SnNgVmx6sG12LqwGW8qB6dy3pnTxNW6Wf--r1kLmPRW3SsstM5zn9RbW311VTr9glwFWW7bqHlK13Xlq8W61TJ6h4HS31PW4m8nS88gR6hbW5vtrvR1jskGSW8KGrVr62QvrHW7YGlfq2R9QFrW1llX993vKMKsW1lHmt074wz8KW9brYYz8ghl81W5KCjpm6pNdFDW2R3lkN1Ck_H8VF56X94qhspZVlZl4Q2tL-B1W5T6kzV8Myd-Ff6T1gtb04&amp;c=E,1,q0XXgOStJ9p9RwKf3d_gvm6sLsp06kCmHyNInQ0gvn5-jgUTUDe9lQTmCv8iutWq4uUWERGcxkwOY_tNfCepmeV7iqalX7fQLVFBa6amhrw7&amp;typo=1\" target=\"_blank\" rel=\"noreferrer noopener\">Osna\u017eivanje stanara<\/a> .  <\/p>\n\n<div style=\"height:36px\" aria-hidden=\"true\" class=\"wp-block-spacer\"><\/div>\n\n<hr class=\"wp-block-separator has-text-color has-body-copy-color has-alpha-channel-opacity has-body-copy-background-color has-background\"\/>\n\n<div style=\"height:20px\" aria-hidden=\"true\" class=\"wp-block-spacer\"><\/div>\n\n<h3 class=\"wp-block-heading has-teal-color has-text-color has-link-color wp-elements-8e4cba53eb459e9911c2e24e2e6f8b3a\" id=\"updatesAndAnnouncements\"><em>A\u017euriranja i najave<\/em><\/h3>\n\n<h4 class=\"wp-block-heading has-medium-dark-blue-color has-text-color has-link-color wp-elements-21a8095bb1f131b5024722a8ad72df07\"><strong><strong>Admin Plan<\/strong><\/strong><\/h4>\n\n<p><a href=\"https:\/\/countyhousing.org\/bs\/admin-plan-final-10-12-21\/\" target=\"_blank\" rel=\"noreferrer noopener\">Administrativni plan okru\u017enog stanovanja mo\u017eete prona\u0107i na na\u0161oj web stranici<\/a> . Budu\u0107i da nastavljamo s a\u017euriranjima kako bismo osigurali uskla\u0111enost s HUD-om, stanovnicima se preporu\u010duje da pregledaju plan kako bi ostali informirani o na\u0161im politikama i procedurama. Mo\u017eete mu pristupiti na countyhousing.org. <\/p>\n\n<h4 class=\"wp-block-heading has-medium-dark-blue-color has-text-color has-link-color wp-elements-782bf9c5ae3755d937b9b61328e7a908\">Razumijevanje <strong><strong>tr\u017ei\u0161nih cijena rente za mala podru\u010dja (SAFMR)<\/strong><\/strong> <\/h4>\n\n<p>Po\u010dev\u0161i od januara 2025. godine, Odjel za stanovanje okruga (County Housing) \u0107e po\u010deti koristiti tr\u017ei\u0161ne rente za mala podru\u010dja (SAFMR) koje je utvrdio HUD. Za razliku od tradicionalnih tr\u017ei\u0161nih renti, koje se odre\u0111uju za cijelo metropolitansko podru\u010dje St. Louisa, SAFMR-ovi se zasnivaju na odre\u0111enim po\u0161tanskim brojevima.   <\/p>\n\n<p>Ova promjena poma\u017ee da se osigura da je pomo\u0107 za iznajmljivanje bolje uskla\u0111ena s lokalnim tr\u017ei\u0161nim uvjetima, olak\u0161avaju\u0107i vlasnicima vau\u010dera da prona\u0111u pristupa\u010dan smje\u0161taj u raznim naseljima, uklju\u010duju\u0107i i podru\u010dja s visokim potencijalom.  <\/p>\n\n<p>Iznos stanarine koju Okru\u017eno stambeno preduze\u0107e mo\u017ee platiti mo\u017ee varirati ovisno o lokaciji nekretnine, a uskoro \u0107emo pru\u017eiti vi\u0161e informacija o tome \u0161ta to zna\u010di za na\u0161e stanovnike.<\/p>\n\n<p>Da biste saznali vi\u0161e o tr\u017ei\u0161nim cijenama najma za male prostore, mo\u017eete pristupiti \u010dlanku na na\u0161oj web stranici <a href=\"https:\/\/countyhousing.org\/safmr\">https:\/\/countyhousing.org\/safmr<\/a> .<\/p>\n\n<div style=\"height:100px\" aria-hidden=\"true\" class=\"wp-block-spacer\"><\/div>\n","protected":false},"excerpt":{"rendered":"<p>Bilten stanara o vau\u010derima za izbor stanovanja za oktobar 2024.<\/p>\n","protected":false},"author":1,"featured_media":1762,"comment_status":"closed","ping_status":"closed","sticky":false,"template":"","format":"standard","meta":{"_acf_changed":false,"footnotes":"","_classifai_error":"","_classifai_text_to_speech_error":"","_classifai_text_to_speech_scheduled":false},"categories":[110],"tags":[],"class_list":["post-3268","post","type-post","status-publish","format-standard","has-post-thumbnail","hentry","category-uncategorized-bs"],"acf":[],"yoast_head":"<!-- This site is optimized with the Yoast SEO plugin v27.5 - https:\/\/yoast.com\/product\/yoast-seo-wordpress\/ -->\n<title>Glas vau\u010dera - County Housing<\/title>\n<meta name=\"robots\" content=\"index, follow, max-snippet:-1, max-image-preview:large, max-video-preview:-1\" \/>\n<link rel=\"canonical\" href=\"https:\/\/countyhousing.org\/bs\/glas-vaucera-4\/\" \/>\n<meta property=\"og:locale\" content=\"bs_BA\" \/>\n<meta property=\"og:type\" content=\"article\" \/>\n<meta property=\"og:title\" content=\"Glas vau\u010dera - County Housing\" \/>\n<meta property=\"og:description\" content=\"Bilten stanara o vau\u010derima za izbor stanovanja za oktobar 2024.\" \/>\n<meta property=\"og:url\" content=\"https:\/\/countyhousing.org\/bs\/glas-vaucera-4\/\" \/>\n<meta property=\"og:site_name\" content=\"County Housing\" \/>\n<meta property=\"article:published_time\" content=\"2024-10-29T13:00:00+00:00\" \/>\n<meta property=\"article:modified_time\" content=\"2025-05-07T20:16:25+00:00\" \/>\n<meta property=\"og:image\" content=\"https:\/\/countyhousing.org\/wp-content\/uploads\/2024\/02\/NewIllustration-hdr.jpg\" \/>\n\t<meta property=\"og:image:width\" content=\"1200\" \/>\n\t<meta property=\"og:image:height\" content=\"630\" \/>\n\t<meta property=\"og:image:type\" content=\"image\/jpeg\" \/>\n<meta name=\"author\" content=\"countyhousistg\" \/>\n<meta name=\"twitter:card\" content=\"summary_large_image\" \/>\n<meta name=\"twitter:label1\" content=\"Written by\" \/>\n\t<meta name=\"twitter:data1\" content=\"countyhousistg\" \/>\n\t<meta name=\"twitter:label2\" content=\"Est. reading time\" \/>\n\t<meta name=\"twitter:data2\" content=\"12 minuta\" \/>\n<script type=\"application\/ld+json\" class=\"yoast-schema-graph\">{\"@context\":\"https:\\\/\\\/schema.org\",\"@graph\":[{\"@type\":\"Article\",\"@id\":\"https:\\\/\\\/countyhousing.org\\\/bs\\\/glas-vaucera-4\\\/#article\",\"isPartOf\":{\"@id\":\"https:\\\/\\\/countyhousing.org\\\/bs\\\/glas-vaucera-4\\\/\"},\"author\":{\"name\":\"countyhousistg\",\"@id\":\"https:\\\/\\\/countyhousing.org\\\/bs\\\/#\\\/schema\\\/person\\\/329b4bf92d32839b09b9823303d7250e\"},\"headline\":\"Glas vau\u010dera\",\"datePublished\":\"2024-10-29T13:00:00+00:00\",\"dateModified\":\"2025-05-07T20:16:25+00:00\",\"mainEntityOfPage\":{\"@id\":\"https:\\\/\\\/countyhousing.org\\\/bs\\\/glas-vaucera-4\\\/\"},\"wordCount\":2478,\"publisher\":{\"@id\":\"https:\\\/\\\/countyhousing.org\\\/bs\\\/#organization\"},\"image\":{\"@id\":\"https:\\\/\\\/countyhousing.org\\\/bs\\\/glas-vaucera-4\\\/#primaryimage\"},\"thumbnailUrl\":\"https:\\\/\\\/countyhousing.org\\\/wp-content\\\/uploads\\\/2024\\\/02\\\/NewIllustration-hdr.jpg\",\"articleSection\":[\"Uncategorized @bs\"],\"inLanguage\":\"bs-BA\"},{\"@type\":\"WebPage\",\"@id\":\"https:\\\/\\\/countyhousing.org\\\/bs\\\/glas-vaucera-4\\\/\",\"url\":\"https:\\\/\\\/countyhousing.org\\\/bs\\\/glas-vaucera-4\\\/\",\"name\":\"Glas vau\u010dera - County Housing\",\"isPartOf\":{\"@id\":\"https:\\\/\\\/countyhousing.org\\\/bs\\\/#website\"},\"primaryImageOfPage\":{\"@id\":\"https:\\\/\\\/countyhousing.org\\\/bs\\\/glas-vaucera-4\\\/#primaryimage\"},\"image\":{\"@id\":\"https:\\\/\\\/countyhousing.org\\\/bs\\\/glas-vaucera-4\\\/#primaryimage\"},\"thumbnailUrl\":\"https:\\\/\\\/countyhousing.org\\\/wp-content\\\/uploads\\\/2024\\\/02\\\/NewIllustration-hdr.jpg\",\"datePublished\":\"2024-10-29T13:00:00+00:00\",\"dateModified\":\"2025-05-07T20:16:25+00:00\",\"breadcrumb\":{\"@id\":\"https:\\\/\\\/countyhousing.org\\\/bs\\\/glas-vaucera-4\\\/#breadcrumb\"},\"inLanguage\":\"bs-BA\",\"potentialAction\":[{\"@type\":\"ReadAction\",\"target\":[\"https:\\\/\\\/countyhousing.org\\\/bs\\\/glas-vaucera-4\\\/\"]}]},{\"@type\":\"ImageObject\",\"inLanguage\":\"bs-BA\",\"@id\":\"https:\\\/\\\/countyhousing.org\\\/bs\\\/glas-vaucera-4\\\/#primaryimage\",\"url\":\"https:\\\/\\\/countyhousing.org\\\/wp-content\\\/uploads\\\/2024\\\/02\\\/NewIllustration-hdr.jpg\",\"contentUrl\":\"https:\\\/\\\/countyhousing.org\\\/wp-content\\\/uploads\\\/2024\\\/02\\\/NewIllustration-hdr.jpg\",\"width\":1200,\"height\":630},{\"@type\":\"BreadcrumbList\",\"@id\":\"https:\\\/\\\/countyhousing.org\\\/bs\\\/glas-vaucera-4\\\/#breadcrumb\",\"itemListElement\":[{\"@type\":\"ListItem\",\"position\":1,\"name\":\"Home\",\"item\":\"https:\\\/\\\/countyhousing.org\\\/bs\\\/pocetna-stranica\\\/\"},{\"@type\":\"ListItem\",\"position\":2,\"name\":\"Glas vau\u010dera\"}]},{\"@type\":\"WebSite\",\"@id\":\"https:\\\/\\\/countyhousing.org\\\/bs\\\/#website\",\"url\":\"https:\\\/\\\/countyhousing.org\\\/bs\\\/\",\"name\":\"County Housing\",\"description\":\"The Housing Authority of St. Louis County\",\"publisher\":{\"@id\":\"https:\\\/\\\/countyhousing.org\\\/bs\\\/#organization\"},\"potentialAction\":[{\"@type\":\"SearchAction\",\"target\":{\"@type\":\"EntryPoint\",\"urlTemplate\":\"https:\\\/\\\/countyhousing.org\\\/bs\\\/?s={search_term_string}\"},\"query-input\":{\"@type\":\"PropertyValueSpecification\",\"valueRequired\":true,\"valueName\":\"search_term_string\"}}],\"inLanguage\":\"bs-BA\"},{\"@type\":\"Organization\",\"@id\":\"https:\\\/\\\/countyhousing.org\\\/bs\\\/#organization\",\"name\":\"County Housing\",\"url\":\"https:\\\/\\\/countyhousing.org\\\/bs\\\/\",\"logo\":{\"@type\":\"ImageObject\",\"inLanguage\":\"bs-BA\",\"@id\":\"https:\\\/\\\/countyhousing.org\\\/bs\\\/#\\\/schema\\\/logo\\\/image\\\/\",\"url\":\"https:\\\/\\\/countyhousing.org\\\/wp-content\\\/uploads\\\/2023\\\/12\\\/CH_Logo_Horizontal_Web_03-1.png\",\"contentUrl\":\"https:\\\/\\\/countyhousing.org\\\/wp-content\\\/uploads\\\/2023\\\/12\\\/CH_Logo_Horizontal_Web_03-1.png\",\"width\":279,\"height\":100,\"caption\":\"County Housing\"},\"image\":{\"@id\":\"https:\\\/\\\/countyhousing.org\\\/bs\\\/#\\\/schema\\\/logo\\\/image\\\/\"}},{\"@type\":\"Person\",\"@id\":\"https:\\\/\\\/countyhousing.org\\\/bs\\\/#\\\/schema\\\/person\\\/329b4bf92d32839b09b9823303d7250e\",\"name\":\"countyhousistg\",\"image\":{\"@type\":\"ImageObject\",\"inLanguage\":\"bs-BA\",\"@id\":\"https:\\\/\\\/secure.gravatar.com\\\/avatar\\\/9d36136dff7fb82b2d9d8f2dc13380a1856275c95488f878ed837557a1a942d0?s=96&d=mm&r=g\",\"url\":\"https:\\\/\\\/secure.gravatar.com\\\/avatar\\\/9d36136dff7fb82b2d9d8f2dc13380a1856275c95488f878ed837557a1a942d0?s=96&d=mm&r=g\",\"contentUrl\":\"https:\\\/\\\/secure.gravatar.com\\\/avatar\\\/9d36136dff7fb82b2d9d8f2dc13380a1856275c95488f878ed837557a1a942d0?s=96&d=mm&r=g\",\"caption\":\"countyhousistg\"},\"sameAs\":[\"https:\\\/\\\/countyhousing.org\"],\"url\":\"https:\\\/\\\/countyhousing.org\\\/bs\\\/author\\\/countyhousistg\\\/\"}]}<\/script>\n<!-- \/ Yoast SEO plugin. -->","yoast_head_json":{"title":"Glas vau\u010dera - County Housing","robots":{"index":"index","follow":"follow","max-snippet":"max-snippet:-1","max-image-preview":"max-image-preview:large","max-video-preview":"max-video-preview:-1"},"canonical":"https:\/\/countyhousing.org\/bs\/glas-vaucera-4\/","og_locale":"bs_BA","og_type":"article","og_title":"Glas vau\u010dera - County Housing","og_description":"Bilten stanara o vau\u010derima za izbor stanovanja za oktobar 2024.","og_url":"https:\/\/countyhousing.org\/bs\/glas-vaucera-4\/","og_site_name":"County Housing","article_published_time":"2024-10-29T13:00:00+00:00","article_modified_time":"2025-05-07T20:16:25+00:00","og_image":[{"width":1200,"height":630,"url":"https:\/\/countyhousing.org\/wp-content\/uploads\/2024\/02\/NewIllustration-hdr.jpg","type":"image\/jpeg"}],"author":"countyhousistg","twitter_card":"summary_large_image","twitter_misc":{"Written by":"countyhousistg","Est. reading time":"12 minuta"},"schema":{"@context":"https:\/\/schema.org","@graph":[{"@type":"Article","@id":"https:\/\/countyhousing.org\/bs\/glas-vaucera-4\/#article","isPartOf":{"@id":"https:\/\/countyhousing.org\/bs\/glas-vaucera-4\/"},"author":{"name":"countyhousistg","@id":"https:\/\/countyhousing.org\/bs\/#\/schema\/person\/329b4bf92d32839b09b9823303d7250e"},"headline":"Glas vau\u010dera","datePublished":"2024-10-29T13:00:00+00:00","dateModified":"2025-05-07T20:16:25+00:00","mainEntityOfPage":{"@id":"https:\/\/countyhousing.org\/bs\/glas-vaucera-4\/"},"wordCount":2478,"publisher":{"@id":"https:\/\/countyhousing.org\/bs\/#organization"},"image":{"@id":"https:\/\/countyhousing.org\/bs\/glas-vaucera-4\/#primaryimage"},"thumbnailUrl":"https:\/\/countyhousing.org\/wp-content\/uploads\/2024\/02\/NewIllustration-hdr.jpg","articleSection":["Uncategorized @bs"],"inLanguage":"bs-BA"},{"@type":"WebPage","@id":"https:\/\/countyhousing.org\/bs\/glas-vaucera-4\/","url":"https:\/\/countyhousing.org\/bs\/glas-vaucera-4\/","name":"Glas vau\u010dera - County Housing","isPartOf":{"@id":"https:\/\/countyhousing.org\/bs\/#website"},"primaryImageOfPage":{"@id":"https:\/\/countyhousing.org\/bs\/glas-vaucera-4\/#primaryimage"},"image":{"@id":"https:\/\/countyhousing.org\/bs\/glas-vaucera-4\/#primaryimage"},"thumbnailUrl":"https:\/\/countyhousing.org\/wp-content\/uploads\/2024\/02\/NewIllustration-hdr.jpg","datePublished":"2024-10-29T13:00:00+00:00","dateModified":"2025-05-07T20:16:25+00:00","breadcrumb":{"@id":"https:\/\/countyhousing.org\/bs\/glas-vaucera-4\/#breadcrumb"},"inLanguage":"bs-BA","potentialAction":[{"@type":"ReadAction","target":["https:\/\/countyhousing.org\/bs\/glas-vaucera-4\/"]}]},{"@type":"ImageObject","inLanguage":"bs-BA","@id":"https:\/\/countyhousing.org\/bs\/glas-vaucera-4\/#primaryimage","url":"https:\/\/countyhousing.org\/wp-content\/uploads\/2024\/02\/NewIllustration-hdr.jpg","contentUrl":"https:\/\/countyhousing.org\/wp-content\/uploads\/2024\/02\/NewIllustration-hdr.jpg","width":1200,"height":630},{"@type":"BreadcrumbList","@id":"https:\/\/countyhousing.org\/bs\/glas-vaucera-4\/#breadcrumb","itemListElement":[{"@type":"ListItem","position":1,"name":"Home","item":"https:\/\/countyhousing.org\/bs\/pocetna-stranica\/"},{"@type":"ListItem","position":2,"name":"Glas vau\u010dera"}]},{"@type":"WebSite","@id":"https:\/\/countyhousing.org\/bs\/#website","url":"https:\/\/countyhousing.org\/bs\/","name":"County Housing","description":"The Housing Authority of St. Louis County","publisher":{"@id":"https:\/\/countyhousing.org\/bs\/#organization"},"potentialAction":[{"@type":"SearchAction","target":{"@type":"EntryPoint","urlTemplate":"https:\/\/countyhousing.org\/bs\/?s={search_term_string}"},"query-input":{"@type":"PropertyValueSpecification","valueRequired":true,"valueName":"search_term_string"}}],"inLanguage":"bs-BA"},{"@type":"Organization","@id":"https:\/\/countyhousing.org\/bs\/#organization","name":"County Housing","url":"https:\/\/countyhousing.org\/bs\/","logo":{"@type":"ImageObject","inLanguage":"bs-BA","@id":"https:\/\/countyhousing.org\/bs\/#\/schema\/logo\/image\/","url":"https:\/\/countyhousing.org\/wp-content\/uploads\/2023\/12\/CH_Logo_Horizontal_Web_03-1.png","contentUrl":"https:\/\/countyhousing.org\/wp-content\/uploads\/2023\/12\/CH_Logo_Horizontal_Web_03-1.png","width":279,"height":100,"caption":"County Housing"},"image":{"@id":"https:\/\/countyhousing.org\/bs\/#\/schema\/logo\/image\/"}},{"@type":"Person","@id":"https:\/\/countyhousing.org\/bs\/#\/schema\/person\/329b4bf92d32839b09b9823303d7250e","name":"countyhousistg","image":{"@type":"ImageObject","inLanguage":"bs-BA","@id":"https:\/\/secure.gravatar.com\/avatar\/9d36136dff7fb82b2d9d8f2dc13380a1856275c95488f878ed837557a1a942d0?s=96&d=mm&r=g","url":"https:\/\/secure.gravatar.com\/avatar\/9d36136dff7fb82b2d9d8f2dc13380a1856275c95488f878ed837557a1a942d0?s=96&d=mm&r=g","contentUrl":"https:\/\/secure.gravatar.com\/avatar\/9d36136dff7fb82b2d9d8f2dc13380a1856275c95488f878ed837557a1a942d0?s=96&d=mm&r=g","caption":"countyhousistg"},"sameAs":["https:\/\/countyhousing.org"],"url":"https:\/\/countyhousing.org\/bs\/author\/countyhousistg\/"}]}},"_links":{"self":[{"href":"https:\/\/countyhousing.org\/bs\/wp-json\/wp\/v2\/posts\/3268","targetHints":{"allow":["GET"]}}],"collection":[{"href":"https:\/\/countyhousing.org\/bs\/wp-json\/wp\/v2\/posts"}],"about":[{"href":"https:\/\/countyhousing.org\/bs\/wp-json\/wp\/v2\/types\/post"}],"author":[{"embeddable":true,"href":"https:\/\/countyhousing.org\/bs\/wp-json\/wp\/v2\/users\/1"}],"replies":[{"embeddable":true,"href":"https:\/\/countyhousing.org\/bs\/wp-json\/wp\/v2\/comments?post=3268"}],"version-history":[{"count":0,"href":"https:\/\/countyhousing.org\/bs\/wp-json\/wp\/v2\/posts\/3268\/revisions"}],"wp:featuredmedia":[{"embeddable":true,"href":"https:\/\/countyhousing.org\/bs\/wp-json\/wp\/v2\/media\/1762"}],"wp:attachment":[{"href":"https:\/\/countyhousing.org\/bs\/wp-json\/wp\/v2\/media?parent=3268"}],"wp:term":[{"taxonomy":"category","embeddable":true,"href":"https:\/\/countyhousing.org\/bs\/wp-json\/wp\/v2\/categories?post=3268"},{"taxonomy":"post_tag","embeddable":true,"href":"https:\/\/countyhousing.org\/bs\/wp-json\/wp\/v2\/tags?post=3268"}],"curies":[{"name":"wp","href":"https:\/\/api.w.org\/{rel}","templated":true}]}}